{"id":532,"date":"2008-09-30T10:51:51","date_gmt":"2008-09-30T08:51:51","guid":{"rendered":"https:\/\/blog.bonzini.ovh\/?p=532"},"modified":"2023-01-27T12:00:00","modified_gmt":"2023-01-27T11:00:00","slug":"philippe-starck-introduit-le-babyfoot-bonzini-dans-lequipement-tendance-du-nouvel-hotel-mama-shelter-a-paris","status":"publish","type":"post","link":"https:\/\/www.bonzini.com\/blog\/2008\/09\/30\/philippe-starck-introduit-le-babyfoot-bonzini-dans-lequipement-tendance-du-nouvel-hotel-mama-shelter-a-paris\/","title":{"rendered":"Philippe Starck introduit le babyfoot Bonzini dans l\u2019\u00e9quipement tendance du nouvel h\u00f4tel Mama Shelter a Paris"},"content":{"rendered":"<p><img decoding=\"async\" loading=\"lazy\" class=\"size-full wp-image-535 alignleft\" src=\"https:\/\/blog.bonzini.ovh\/wp-content\/uploads\/2018\/08\/b90-mini-geant-starck-1.jpg\" alt=\"\" width=\"150\" height=\"113\" \/> <img decoding=\"async\" loading=\"lazy\" class=\"size-full wp-image-534 alignright\" src=\"https:\/\/blog.bonzini.ovh\/wp-content\/uploads\/2018\/08\/b90-mini-geant-starck-2-sm.jpg\" alt=\"\" width=\"129\" height=\"97\" \/>Situ\u00e9 dans le 20\u00e8 arrondissement de Paris, en face de la Fl\u00e8che d\u2019Or, c\u00e9l\u00e8bre salle de concert pop-rock parisienne, l\u2019hotel Mama Shelter a \u00e9t\u00e9 inaugur\u00e9 d\u00e9but septembre 2008.<\/p>\n<p>&nbsp;<\/p>\n<p><strong>Imagin\u00e9 par la famille Trigano et le philosophe Cyril Aouizerate, cet h\u00f4tel Design de 172 chambres con\u00e7u par l\u2019architecte Roland Castro et design\u00e9 par Philippe Starck est un \u00e9v\u00e8nement D\u00e9co et touristique au c\u0153ur du Paris Authentique que repr\u00e9sente le 20\u00e8 arrondissement.<\/strong><\/p>\n<p>&nbsp;<\/p>\n<p><strong>Philippe Starck a souhait\u00e9 int\u00e9grer dans l\u2019\u00e9quipement de cet \u00e9tablissement tendance, un baby-foot Bonzini in\u00e9dit sur lequel on retrouve l\u2019int\u00e9r\u00eat du c\u00e9l\u00e8bre designer pour les mati\u00e8res premi\u00e8res telles que l\u2019aluminium et le bois vernis naturel.<\/strong><\/p>\n<p>&nbsp;<\/p>\n<p>Ce baby-foot a une longueur de 3 m\u00e8tres et les figurines en aluminium ont une d\u00e9coration originale. Ce mod\u00e8le peut accueillir quatre joueurs de chaque cot\u00e9.<\/p>\n","protected":false},"excerpt":{"rendered":"<p>Philippe Starck a souhait\u00e9 int\u00e9grer dans l\u2019\u00e9quipement de cet \u00e9tablissement tendance, un baby-foot Bonzini in\u00e9dit sur lequel on retrouve l\u2019int\u00e9r\u00eat du c\u00e9l\u00e8bre designer pour les mati\u00e8res premi\u00e8res telles que l\u2019aluminium et le bois vernis naturel.<\/p>\n","protected":false},"author":1,"featured_media":533,"comment_status":"closed","ping_status":"open","sticky":false,"template":"","format":"standard","meta":[],"categories":[1],"tags":[],"yoast_head":"<!-- This site is optimized with the Yoast SEO plugin v21.8.1 - https:\/\/yoast.com\/wordpress\/plugins\/seo\/ -->\n<title>Philippe Starck introduit le babyfoot Bonzini dans l\u2019\u00e9quipement tendance du nouvel h\u00f4tel Mama Shelter a Paris - Bonzini<\/title>\n<meta name=\"description\" content=\"Philippe Starck a souhait\u00e9 int\u00e9grer dans l\u2019\u00e9quipement de cet \u00e9tablissement tendance, un baby-foot Bonzini in\u00e9dit sur lequel on retrouve l\u2019int\u00e9r\u00eat du c\u00e9l\u00e8bre designer pour les mati\u00e8res premi\u00e8res telles que l\u2019aluminium et le bois vernis naturel.\" \/>\n<meta name=\"robots\" content=\"index, follow, max-snippet:-1, max-image-preview:large, max-video-preview:-1\" \/>\n<link rel=\"canonical\" href=\"https:\/\/www.bonzini.com\/blog\/2008\/09\/30\/philippe-starck-introduit-le-babyfoot-bonzini-dans-lequipement-tendance-du-nouvel-hotel-mama-shelter-a-paris\/\" \/>\n<meta property=\"og:locale\" content=\"fr_FR\" \/>\n<meta property=\"og:type\" content=\"article\" \/>\n<meta property=\"og:title\" content=\"Philippe Starck introduit le babyfoot Bonzini dans l\u2019\u00e9quipement tendance du nouvel h\u00f4tel Mama Shelter a Paris - Bonzini\" \/>\n<meta property=\"og:description\" content=\"Philippe Starck a souhait\u00e9 int\u00e9grer dans l\u2019\u00e9quipement de cet \u00e9tablissement tendance, un baby-foot Bonzini in\u00e9dit sur lequel on retrouve l\u2019int\u00e9r\u00eat du c\u00e9l\u00e8bre designer pour les mati\u00e8res premi\u00e8res telles que l\u2019aluminium et le bois vernis naturel.\" \/>\n<meta property=\"og:url\" content=\"https:\/\/www.bonzini.com\/blog\/2008\/09\/30\/philippe-starck-introduit-le-babyfoot-bonzini-dans-lequipement-tendance-du-nouvel-hotel-mama-shelter-a-paris\/\" \/>\n<meta property=\"og:site_name\" content=\"Bonzini\" \/>\n<meta property=\"article:published_time\" content=\"2008-09-30T08:51:51+00:00\" \/>\n<meta property=\"article:modified_time\" content=\"2023-01-27T11:00:00+00:00\" \/>\n<meta property=\"og:image\" content=\"https:\/\/www.bonzini.com\/blog\/wp-content\/uploads\/2018\/08\/blog-113.jpg\" \/>\n\t<meta property=\"og:image:width\" content=\"220\" \/>\n\t<meta property=\"og:image:height\" content=\"220\" \/>\n\t<meta property=\"og:image:type\" content=\"image\/jpeg\" \/>\n<meta name=\"author\" content=\"bonzini\" \/>\n<meta name=\"twitter:card\" content=\"summary_large_image\" \/>\n<meta name=\"twitter:label1\" content=\"\u00c9crit par\" \/>\n\t<meta name=\"twitter:data1\" content=\"bonzini\" \/>\n\t<meta name=\"twitter:label2\" content=\"Dur\u00e9e de lecture estim\u00e9e\" \/>\n\t<meta name=\"twitter:data2\" content=\"1 minute\" \/>\n<script type=\"application\/ld+json\" class=\"yoast-schema-graph\">{\"@context\":\"https:\/\/schema.org\",\"@graph\":[{\"@type\":\"WebPage\",\"@id\":\"https:\/\/www.bonzini.com\/blog\/2008\/09\/30\/philippe-starck-introduit-le-babyfoot-bonzini-dans-lequipement-tendance-du-nouvel-hotel-mama-shelter-a-paris\/\",\"url\":\"https:\/\/www.bonzini.com\/blog\/2008\/09\/30\/philippe-starck-introduit-le-babyfoot-bonzini-dans-lequipement-tendance-du-nouvel-hotel-mama-shelter-a-paris\/\",\"name\":\"Philippe Starck introduit le babyfoot Bonzini dans l\u2019\u00e9quipement tendance du nouvel h\u00f4tel Mama Shelter a Paris - Bonzini\",\"isPartOf\":{\"@id\":\"https:\/\/www.bonzini.com\/blog\/#website\"},\"datePublished\":\"2008-09-30T08:51:51+00:00\",\"dateModified\":\"2023-01-27T11:00:00+00:00\",\"author\":{\"@id\":\"https:\/\/www.bonzini.com\/blog\/#\/schema\/person\/3a164b3b9e942303746bba343b101522\"},\"description\":\"Philippe Starck a souhait\u00e9 int\u00e9grer dans l\u2019\u00e9quipement de cet \u00e9tablissement tendance, un baby-foot Bonzini in\u00e9dit sur lequel on retrouve l\u2019int\u00e9r\u00eat du c\u00e9l\u00e8bre designer pour les mati\u00e8res premi\u00e8res telles que l\u2019aluminium et le bois vernis naturel.\",\"breadcrumb\":{\"@id\":\"https:\/\/www.bonzini.com\/blog\/2008\/09\/30\/philippe-starck-introduit-le-babyfoot-bonzini-dans-lequipement-tendance-du-nouvel-hotel-mama-shelter-a-paris\/#breadcrumb\"},\"inLanguage\":\"fr-FR\",\"potentialAction\":[{\"@type\":\"ReadAction\",\"target\":[\"https:\/\/www.bonzini.com\/blog\/2008\/09\/30\/philippe-starck-introduit-le-babyfoot-bonzini-dans-lequipement-tendance-du-nouvel-hotel-mama-shelter-a-paris\/\"]}]},{\"@type\":\"BreadcrumbList\",\"@id\":\"https:\/\/www.bonzini.com\/blog\/2008\/09\/30\/philippe-starck-introduit-le-babyfoot-bonzini-dans-lequipement-tendance-du-nouvel-hotel-mama-shelter-a-paris\/#breadcrumb\",\"itemListElement\":[{\"@type\":\"ListItem\",\"position\":1,\"name\":\"Accueil\",\"item\":\"https:\/\/www.bonzini.com\/blog\/\"},{\"@type\":\"ListItem\",\"position\":2,\"name\":\"Philippe Starck introduit le babyfoot Bonzini dans l\u2019\u00e9quipement tendance du nouvel h\u00f4tel Mama Shelter a Paris\"}]},{\"@type\":\"WebSite\",\"@id\":\"https:\/\/www.bonzini.com\/blog\/#website\",\"url\":\"https:\/\/www.bonzini.com\/blog\/\",\"name\":\"Bonzini\",\"description\":\"Bonzini\",\"potentialAction\":[{\"@type\":\"SearchAction\",\"target\":{\"@type\":\"EntryPoint\",\"urlTemplate\":\"https:\/\/www.bonzini.com\/blog\/?s={search_term_string}\"},\"query-input\":\"required name=search_term_string\"}],\"inLanguage\":\"fr-FR\"},{\"@type\":\"Person\",\"@id\":\"https:\/\/www.bonzini.com\/blog\/#\/schema\/person\/3a164b3b9e942303746bba343b101522\",\"name\":\"bonzini\",\"image\":{\"@type\":\"ImageObject\",\"inLanguage\":\"fr-FR\",\"@id\":\"https:\/\/www.bonzini.com\/blog\/#\/schema\/person\/image\/\",\"url\":\"https:\/\/secure.gravatar.com\/avatar\/ff3a4a50bc00cb239a65141fd0bfaf83?s=96&d=mm&r=g\",\"contentUrl\":\"https:\/\/secure.gravatar.com\/avatar\/ff3a4a50bc00cb239a65141fd0bfaf83?s=96&d=mm&r=g\",\"caption\":\"bonzini\"},\"url\":\"https:\/\/www.bonzini.com\/blog\/author\/bonzini\/\"}]}<\/script>\n<!-- \/ Yoast SEO plugin. -->","yoast_head_json":{"title":"Philippe Starck introduit le babyfoot Bonzini dans l\u2019\u00e9quipement tendance du nouvel h\u00f4tel Mama Shelter a Paris - Bonzini","description":"Philippe Starck a souhait\u00e9 int\u00e9grer dans l\u2019\u00e9quipement de cet \u00e9tablissement tendance, un baby-foot Bonzini in\u00e9dit sur lequel on retrouve l\u2019int\u00e9r\u00eat du c\u00e9l\u00e8bre designer pour les mati\u00e8res premi\u00e8res telles que l\u2019aluminium et le bois vernis naturel.","robots":{"index":"index","follow":"follow","max-snippet":"max-snippet:-1","max-image-preview":"max-image-preview:large","max-video-preview":"max-video-preview:-1"},"canonical":"https:\/\/www.bonzini.com\/blog\/2008\/09\/30\/philippe-starck-introduit-le-babyfoot-bonzini-dans-lequipement-tendance-du-nouvel-hotel-mama-shelter-a-paris\/","og_locale":"fr_FR","og_type":"article","og_title":"Philippe Starck introduit le babyfoot Bonzini dans l\u2019\u00e9quipement tendance du nouvel h\u00f4tel Mama Shelter a Paris - Bonzini","og_description":"Philippe Starck a souhait\u00e9 int\u00e9grer dans l\u2019\u00e9quipement de cet \u00e9tablissement tendance, un baby-foot Bonzini in\u00e9dit sur lequel on retrouve l\u2019int\u00e9r\u00eat du c\u00e9l\u00e8bre designer pour les mati\u00e8res premi\u00e8res telles que l\u2019aluminium et le bois vernis naturel.","og_url":"https:\/\/www.bonzini.com\/blog\/2008\/09\/30\/philippe-starck-introduit-le-babyfoot-bonzini-dans-lequipement-tendance-du-nouvel-hotel-mama-shelter-a-paris\/","og_site_name":"Bonzini","article_published_time":"2008-09-30T08:51:51+00:00","article_modified_time":"2023-01-27T11:00:00+00:00","og_image":[{"width":220,"height":220,"url":"https:\/\/www.bonzini.com\/blog\/wp-content\/uploads\/2018\/08\/blog-113.jpg","type":"image\/jpeg"}],"author":"bonzini","twitter_card":"summary_large_image","twitter_misc":{"\u00c9crit par":"bonzini","Dur\u00e9e de lecture estim\u00e9e":"1 minute"},"schema":{"@context":"https:\/\/schema.org","@graph":[{"@type":"WebPage","@id":"https:\/\/www.bonzini.com\/blog\/2008\/09\/30\/philippe-starck-introduit-le-babyfoot-bonzini-dans-lequipement-tendance-du-nouvel-hotel-mama-shelter-a-paris\/","url":"https:\/\/www.bonzini.com\/blog\/2008\/09\/30\/philippe-starck-introduit-le-babyfoot-bonzini-dans-lequipement-tendance-du-nouvel-hotel-mama-shelter-a-paris\/","name":"Philippe Starck introduit le babyfoot Bonzini dans l\u2019\u00e9quipement tendance du nouvel h\u00f4tel Mama Shelter a Paris - Bonzini","isPartOf":{"@id":"https:\/\/www.bonzini.com\/blog\/#website"},"datePublished":"2008-09-30T08:51:51+00:00","dateModified":"2023-01-27T11:00:00+00:00","author":{"@id":"https:\/\/www.bonzini.com\/blog\/#\/schema\/person\/3a164b3b9e942303746bba343b101522"},"description":"Philippe Starck a souhait\u00e9 int\u00e9grer dans l\u2019\u00e9quipement de cet \u00e9tablissement tendance, un baby-foot Bonzini in\u00e9dit sur lequel on retrouve l\u2019int\u00e9r\u00eat du c\u00e9l\u00e8bre designer pour les mati\u00e8res premi\u00e8res telles que l\u2019aluminium et le bois vernis naturel.","breadcrumb":{"@id":"https:\/\/www.bonzini.com\/blog\/2008\/09\/30\/philippe-starck-introduit-le-babyfoot-bonzini-dans-lequipement-tendance-du-nouvel-hotel-mama-shelter-a-paris\/#breadcrumb"},"inLanguage":"fr-FR","potentialAction":[{"@type":"ReadAction","target":["https:\/\/www.bonzini.com\/blog\/2008\/09\/30\/philippe-starck-introduit-le-babyfoot-bonzini-dans-lequipement-tendance-du-nouvel-hotel-mama-shelter-a-paris\/"]}]},{"@type":"BreadcrumbList","@id":"https:\/\/www.bonzini.com\/blog\/2008\/09\/30\/philippe-starck-introduit-le-babyfoot-bonzini-dans-lequipement-tendance-du-nouvel-hotel-mama-shelter-a-paris\/#breadcrumb","itemListElement":[{"@type":"ListItem","position":1,"name":"Accueil","item":"https:\/\/www.bonzini.com\/blog\/"},{"@type":"ListItem","position":2,"name":"Philippe Starck introduit le babyfoot Bonzini dans l\u2019\u00e9quipement tendance du nouvel h\u00f4tel Mama Shelter a Paris"}]},{"@type":"WebSite","@id":"https:\/\/www.bonzini.com\/blog\/#website","url":"https:\/\/www.bonzini.com\/blog\/","name":"Bonzini","description":"Bonzini","potentialAction":[{"@type":"SearchAction","target":{"@type":"EntryPoint","urlTemplate":"https:\/\/www.bonzini.com\/blog\/?s={search_term_string}"},"query-input":"required name=search_term_string"}],"inLanguage":"fr-FR"},{"@type":"Person","@id":"https:\/\/www.bonzini.com\/blog\/#\/schema\/person\/3a164b3b9e942303746bba343b101522","name":"bonzini","image":{"@type":"ImageObject","inLanguage":"fr-FR","@id":"https:\/\/www.bonzini.com\/blog\/#\/schema\/person\/image\/","url":"https:\/\/secure.gravatar.com\/avatar\/ff3a4a50bc00cb239a65141fd0bfaf83?s=96&d=mm&r=g","contentUrl":"https:\/\/secure.gravatar.com\/avatar\/ff3a4a50bc00cb239a65141fd0bfaf83?s=96&d=mm&r=g","caption":"bonzini"},"url":"https:\/\/www.bonzini.com\/blog\/author\/bonzini\/"}]}},"_links":{"self":[{"href":"https:\/\/www.bonzini.com\/blog\/wp-json\/wp\/v2\/posts\/532"}],"collection":[{"href":"https:\/\/www.bonzini.com\/blog\/wp-json\/wp\/v2\/posts"}],"about":[{"href":"https:\/\/www.bonzini.com\/blog\/wp-json\/wp\/v2\/types\/post"}],"author":[{"embeddable":true,"href":"https:\/\/www.bonzini.com\/blog\/wp-json\/wp\/v2\/users\/1"}],"replies":[{"embeddable":true,"href":"https:\/\/www.bonzini.com\/blog\/wp-json\/wp\/v2\/comments?post=532"}],"version-history":[{"count":2,"href":"https:\/\/www.bonzini.com\/blog\/wp-json\/wp\/v2\/posts\/532\/revisions"}],"predecessor-version":[{"id":537,"href":"https:\/\/www.bonzini.com\/blog\/wp-json\/wp\/v2\/posts\/532\/revisions\/537"}],"wp:featuredmedia":[{"embeddable":true,"href":"https:\/\/www.bonzini.com\/blog\/wp-json\/wp\/v2\/media\/533"}],"wp:attachment":[{"href":"https:\/\/www.bonzini.com\/blog\/wp-json\/wp\/v2\/media?parent=532"}],"wp:term":[{"taxonomy":"category","embeddable":true,"href":"https:\/\/www.bonzini.com\/blog\/wp-json\/wp\/v2\/categories?post=532"},{"taxonomy":"post_tag","embeddable":true,"href":"https:\/\/www.bonzini.com\/blog\/wp-json\/wp\/v2\/tags?post=532"}],"curies":[{"name":"wp","href":"https:\/\/api.w.org\/{rel}","templated":true}]}}