{"id":517,"date":"2009-02-08T13:40:42","date_gmt":"2009-02-08T12:40:42","guid":{"rendered":"https:\/\/blog.bonzini.ovh\/?p=517"},"modified":"2023-01-27T12:00:00","modified_gmt":"2023-01-27T11:00:00","slug":"le-japon-met-en-avant-le-caractere-ecologique-du-baby-foot-bonzini","status":"publish","type":"post","link":"https:\/\/www.bonzini.com\/blog\/2009\/02\/08\/le-japon-met-en-avant-le-caractere-ecologique-du-baby-foot-bonzini\/","title":{"rendered":"Le japon met en avant le caract\u00e8re \u00e9cologique du baby-foot Bonzini"},"content":{"rendered":"<p><img decoding=\"async\" loading=\"lazy\" class=\"size-full wp-image-519 alignleft\" src=\"https:\/\/blog.bonzini.ovh\/wp-content\/uploads\/2018\/08\/bonzini-babyfoot-ecologique-japon.jpg\" alt=\"\" width=\"150\" height=\"113\" \/><strong>En d\u00e9cembre 2008, un artiste japonais a organis\u00e9 \u00e0 Tokyo, l\u2019\u00e9v\u00e8nement \u00ab Candle JUNE \u00bb. Le th\u00e8me de cette manifestation concernait les probl\u00e8mes de d\u00e9fense de l\u2019environnement.<\/strong><\/p>\n<p>&nbsp;<\/p>\n<p>Le but \u00e9tait de consommer le moins d\u2019\u00e9lectricit\u00e9 possible durant cette soir\u00e9e et notamment dans le domaine des loisirs.<\/p>\n<p>&nbsp;<\/p>\n<p>Notre revendeur local, la St\u00e9 Penny Japan , s\u2019\u00e9tait associ\u00e9 \u00e0 l\u2019artiste JUNE en installant au c\u0153ur de l\u2019\u00e9v\u00e8nement un mod\u00e8le Bonzini B60 et en invitant la population \u00e0 jouer sur ce baby-foot, au milieu d\u2019un parterre de bougies.<\/p>\n<p>&nbsp;<\/p>\n<p>Seul le babyfoot pr\u00e9sent a pu se passer totalement d\u2019\u00e9lectricit\u00e9 durant cette nuit Candle JUNE et la jeunesse de Tokyo non seulement a appr\u00e9ci\u00e9 les parties de baby-foot mais a \u00e9t\u00e9 tr\u00e8s sensible au caract\u00e8re \u00e9cologique de ce jeu, respectueux de leur environnement.<\/p>\n","protected":false},"excerpt":{"rendered":"<p>En d\u00e9cembre 2008, un artiste japonais a organis\u00e9 \u00e0 Tokyo, l\u2019\u00e9v\u00e8nement \u00ab Candle JUNE \u00bb. Le th\u00e8me de cette manifestation concernait les probl\u00e8mes de d\u00e9fense de l\u2019environnement.<\/p>\n","protected":false},"author":1,"featured_media":518,"comment_status":"closed","ping_status":"open","sticky":false,"template":"","format":"standard","meta":[],"categories":[1],"tags":[],"yoast_head":"<!-- This site is optimized with the Yoast SEO plugin v21.8.1 - https:\/\/yoast.com\/wordpress\/plugins\/seo\/ -->\n<title>Le japon met en avant le caract\u00e8re \u00e9cologique du baby-foot Bonzini - Bonzini<\/title>\n<meta name=\"description\" content=\"En d\u00e9cembre 2008, un artiste japonais a organis\u00e9 \u00e0 Tokyo, l\u2019\u00e9v\u00e8nement \u00ab Candle JUNE \u00bb. Le th\u00e8me de cette manifestation concernait les probl\u00e8mes de d\u00e9fense de l\u2019environnement.\" \/>\n<meta name=\"robots\" content=\"index, follow, max-snippet:-1, max-image-preview:large, max-video-preview:-1\" \/>\n<link rel=\"canonical\" href=\"https:\/\/www.bonzini.com\/blog\/2009\/02\/08\/le-japon-met-en-avant-le-caractere-ecologique-du-baby-foot-bonzini\/\" \/>\n<meta property=\"og:locale\" content=\"fr_FR\" \/>\n<meta property=\"og:type\" content=\"article\" \/>\n<meta property=\"og:title\" content=\"Le japon met en avant le caract\u00e8re \u00e9cologique du baby-foot Bonzini - Bonzini\" \/>\n<meta property=\"og:description\" content=\"En d\u00e9cembre 2008, un artiste japonais a organis\u00e9 \u00e0 Tokyo, l\u2019\u00e9v\u00e8nement \u00ab Candle JUNE \u00bb. Le th\u00e8me de cette manifestation concernait les probl\u00e8mes de d\u00e9fense de l\u2019environnement.\" \/>\n<meta property=\"og:url\" content=\"https:\/\/www.bonzini.com\/blog\/2009\/02\/08\/le-japon-met-en-avant-le-caractere-ecologique-du-baby-foot-bonzini\/\" \/>\n<meta property=\"og:site_name\" content=\"Bonzini\" \/>\n<meta property=\"article:published_time\" content=\"2009-02-08T12:40:42+00:00\" \/>\n<meta property=\"article:modified_time\" content=\"2023-01-27T11:00:00+00:00\" \/>\n<meta property=\"og:image\" content=\"https:\/\/www.bonzini.com\/blog\/wp-content\/uploads\/2018\/08\/blog-110.jpg\" \/>\n\t<meta property=\"og:image:width\" content=\"220\" \/>\n\t<meta property=\"og:image:height\" content=\"220\" \/>\n\t<meta property=\"og:image:type\" content=\"image\/jpeg\" \/>\n<meta name=\"author\" content=\"bonzini\" \/>\n<meta name=\"twitter:card\" content=\"summary_large_image\" \/>\n<meta name=\"twitter:label1\" content=\"\u00c9crit par\" \/>\n\t<meta name=\"twitter:data1\" content=\"bonzini\" \/>\n\t<meta name=\"twitter:label2\" content=\"Dur\u00e9e de lecture estim\u00e9e\" \/>\n\t<meta name=\"twitter:data2\" content=\"1 minute\" \/>\n<script type=\"application\/ld+json\" class=\"yoast-schema-graph\">{\"@context\":\"https:\/\/schema.org\",\"@graph\":[{\"@type\":\"WebPage\",\"@id\":\"https:\/\/www.bonzini.com\/blog\/2009\/02\/08\/le-japon-met-en-avant-le-caractere-ecologique-du-baby-foot-bonzini\/\",\"url\":\"https:\/\/www.bonzini.com\/blog\/2009\/02\/08\/le-japon-met-en-avant-le-caractere-ecologique-du-baby-foot-bonzini\/\",\"name\":\"Le japon met en avant le caract\u00e8re \u00e9cologique du baby-foot Bonzini - Bonzini\",\"isPartOf\":{\"@id\":\"https:\/\/www.bonzini.com\/blog\/#website\"},\"datePublished\":\"2009-02-08T12:40:42+00:00\",\"dateModified\":\"2023-01-27T11:00:00+00:00\",\"author\":{\"@id\":\"https:\/\/www.bonzini.com\/blog\/#\/schema\/person\/3a164b3b9e942303746bba343b101522\"},\"description\":\"En d\u00e9cembre 2008, un artiste japonais a organis\u00e9 \u00e0 Tokyo, l\u2019\u00e9v\u00e8nement \u00ab Candle JUNE \u00bb. Le th\u00e8me de cette manifestation concernait les probl\u00e8mes de d\u00e9fense de l\u2019environnement.\",\"breadcrumb\":{\"@id\":\"https:\/\/www.bonzini.com\/blog\/2009\/02\/08\/le-japon-met-en-avant-le-caractere-ecologique-du-baby-foot-bonzini\/#breadcrumb\"},\"inLanguage\":\"fr-FR\",\"potentialAction\":[{\"@type\":\"ReadAction\",\"target\":[\"https:\/\/www.bonzini.com\/blog\/2009\/02\/08\/le-japon-met-en-avant-le-caractere-ecologique-du-baby-foot-bonzini\/\"]}]},{\"@type\":\"BreadcrumbList\",\"@id\":\"https:\/\/www.bonzini.com\/blog\/2009\/02\/08\/le-japon-met-en-avant-le-caractere-ecologique-du-baby-foot-bonzini\/#breadcrumb\",\"itemListElement\":[{\"@type\":\"ListItem\",\"position\":1,\"name\":\"Accueil\",\"item\":\"https:\/\/www.bonzini.com\/blog\/\"},{\"@type\":\"ListItem\",\"position\":2,\"name\":\"Le japon met en avant le caract\u00e8re \u00e9cologique du baby-foot Bonzini\"}]},{\"@type\":\"WebSite\",\"@id\":\"https:\/\/www.bonzini.com\/blog\/#website\",\"url\":\"https:\/\/www.bonzini.com\/blog\/\",\"name\":\"Bonzini\",\"description\":\"Bonzini\",\"potentialAction\":[{\"@type\":\"SearchAction\",\"target\":{\"@type\":\"EntryPoint\",\"urlTemplate\":\"https:\/\/www.bonzini.com\/blog\/?s={search_term_string}\"},\"query-input\":\"required name=search_term_string\"}],\"inLanguage\":\"fr-FR\"},{\"@type\":\"Person\",\"@id\":\"https:\/\/www.bonzini.com\/blog\/#\/schema\/person\/3a164b3b9e942303746bba343b101522\",\"name\":\"bonzini\",\"image\":{\"@type\":\"ImageObject\",\"inLanguage\":\"fr-FR\",\"@id\":\"https:\/\/www.bonzini.com\/blog\/#\/schema\/person\/image\/\",\"url\":\"https:\/\/secure.gravatar.com\/avatar\/ff3a4a50bc00cb239a65141fd0bfaf83?s=96&d=mm&r=g\",\"contentUrl\":\"https:\/\/secure.gravatar.com\/avatar\/ff3a4a50bc00cb239a65141fd0bfaf83?s=96&d=mm&r=g\",\"caption\":\"bonzini\"},\"url\":\"https:\/\/www.bonzini.com\/blog\/author\/bonzini\/\"}]}<\/script>\n<!-- \/ Yoast SEO plugin. -->","yoast_head_json":{"title":"Le japon met en avant le caract\u00e8re \u00e9cologique du baby-foot Bonzini - Bonzini","description":"En d\u00e9cembre 2008, un artiste japonais a organis\u00e9 \u00e0 Tokyo, l\u2019\u00e9v\u00e8nement \u00ab Candle JUNE \u00bb. Le th\u00e8me de cette manifestation concernait les probl\u00e8mes de d\u00e9fense de l\u2019environnement.","robots":{"index":"index","follow":"follow","max-snippet":"max-snippet:-1","max-image-preview":"max-image-preview:large","max-video-preview":"max-video-preview:-1"},"canonical":"https:\/\/www.bonzini.com\/blog\/2009\/02\/08\/le-japon-met-en-avant-le-caractere-ecologique-du-baby-foot-bonzini\/","og_locale":"fr_FR","og_type":"article","og_title":"Le japon met en avant le caract\u00e8re \u00e9cologique du baby-foot Bonzini - Bonzini","og_description":"En d\u00e9cembre 2008, un artiste japonais a organis\u00e9 \u00e0 Tokyo, l\u2019\u00e9v\u00e8nement \u00ab Candle JUNE \u00bb. Le th\u00e8me de cette manifestation concernait les probl\u00e8mes de d\u00e9fense de l\u2019environnement.","og_url":"https:\/\/www.bonzini.com\/blog\/2009\/02\/08\/le-japon-met-en-avant-le-caractere-ecologique-du-baby-foot-bonzini\/","og_site_name":"Bonzini","article_published_time":"2009-02-08T12:40:42+00:00","article_modified_time":"2023-01-27T11:00:00+00:00","og_image":[{"width":220,"height":220,"url":"https:\/\/www.bonzini.com\/blog\/wp-content\/uploads\/2018\/08\/blog-110.jpg","type":"image\/jpeg"}],"author":"bonzini","twitter_card":"summary_large_image","twitter_misc":{"\u00c9crit par":"bonzini","Dur\u00e9e de lecture estim\u00e9e":"1 minute"},"schema":{"@context":"https:\/\/schema.org","@graph":[{"@type":"WebPage","@id":"https:\/\/www.bonzini.com\/blog\/2009\/02\/08\/le-japon-met-en-avant-le-caractere-ecologique-du-baby-foot-bonzini\/","url":"https:\/\/www.bonzini.com\/blog\/2009\/02\/08\/le-japon-met-en-avant-le-caractere-ecologique-du-baby-foot-bonzini\/","name":"Le japon met en avant le caract\u00e8re \u00e9cologique du baby-foot Bonzini - Bonzini","isPartOf":{"@id":"https:\/\/www.bonzini.com\/blog\/#website"},"datePublished":"2009-02-08T12:40:42+00:00","dateModified":"2023-01-27T11:00:00+00:00","author":{"@id":"https:\/\/www.bonzini.com\/blog\/#\/schema\/person\/3a164b3b9e942303746bba343b101522"},"description":"En d\u00e9cembre 2008, un artiste japonais a organis\u00e9 \u00e0 Tokyo, l\u2019\u00e9v\u00e8nement \u00ab Candle JUNE \u00bb. Le th\u00e8me de cette manifestation concernait les probl\u00e8mes de d\u00e9fense de l\u2019environnement.","breadcrumb":{"@id":"https:\/\/www.bonzini.com\/blog\/2009\/02\/08\/le-japon-met-en-avant-le-caractere-ecologique-du-baby-foot-bonzini\/#breadcrumb"},"inLanguage":"fr-FR","potentialAction":[{"@type":"ReadAction","target":["https:\/\/www.bonzini.com\/blog\/2009\/02\/08\/le-japon-met-en-avant-le-caractere-ecologique-du-baby-foot-bonzini\/"]}]},{"@type":"BreadcrumbList","@id":"https:\/\/www.bonzini.com\/blog\/2009\/02\/08\/le-japon-met-en-avant-le-caractere-ecologique-du-baby-foot-bonzini\/#breadcrumb","itemListElement":[{"@type":"ListItem","position":1,"name":"Accueil","item":"https:\/\/www.bonzini.com\/blog\/"},{"@type":"ListItem","position":2,"name":"Le japon met en avant le caract\u00e8re \u00e9cologique du baby-foot Bonzini"}]},{"@type":"WebSite","@id":"https:\/\/www.bonzini.com\/blog\/#website","url":"https:\/\/www.bonzini.com\/blog\/","name":"Bonzini","description":"Bonzini","potentialAction":[{"@type":"SearchAction","target":{"@type":"EntryPoint","urlTemplate":"https:\/\/www.bonzini.com\/blog\/?s={search_term_string}"},"query-input":"required name=search_term_string"}],"inLanguage":"fr-FR"},{"@type":"Person","@id":"https:\/\/www.bonzini.com\/blog\/#\/schema\/person\/3a164b3b9e942303746bba343b101522","name":"bonzini","image":{"@type":"ImageObject","inLanguage":"fr-FR","@id":"https:\/\/www.bonzini.com\/blog\/#\/schema\/person\/image\/","url":"https:\/\/secure.gravatar.com\/avatar\/ff3a4a50bc00cb239a65141fd0bfaf83?s=96&d=mm&r=g","contentUrl":"https:\/\/secure.gravatar.com\/avatar\/ff3a4a50bc00cb239a65141fd0bfaf83?s=96&d=mm&r=g","caption":"bonzini"},"url":"https:\/\/www.bonzini.com\/blog\/author\/bonzini\/"}]}},"_links":{"self":[{"href":"https:\/\/www.bonzini.com\/blog\/wp-json\/wp\/v2\/posts\/517"}],"collection":[{"href":"https:\/\/www.bonzini.com\/blog\/wp-json\/wp\/v2\/posts"}],"about":[{"href":"https:\/\/www.bonzini.com\/blog\/wp-json\/wp\/v2\/types\/post"}],"author":[{"embeddable":true,"href":"https:\/\/www.bonzini.com\/blog\/wp-json\/wp\/v2\/users\/1"}],"replies":[{"embeddable":true,"href":"https:\/\/www.bonzini.com\/blog\/wp-json\/wp\/v2\/comments?post=517"}],"version-history":[{"count":5,"href":"https:\/\/www.bonzini.com\/blog\/wp-json\/wp\/v2\/posts\/517\/revisions"}],"predecessor-version":[{"id":524,"href":"https:\/\/www.bonzini.com\/blog\/wp-json\/wp\/v2\/posts\/517\/revisions\/524"}],"wp:featuredmedia":[{"embeddable":true,"href":"https:\/\/www.bonzini.com\/blog\/wp-json\/wp\/v2\/media\/518"}],"wp:attachment":[{"href":"https:\/\/www.bonzini.com\/blog\/wp-json\/wp\/v2\/media?parent=517"}],"wp:term":[{"taxonomy":"category","embeddable":true,"href":"https:\/\/www.bonzini.com\/blog\/wp-json\/wp\/v2\/categories?post=517"},{"taxonomy":"post_tag","embeddable":true,"href":"https:\/\/www.bonzini.com\/blog\/wp-json\/wp\/v2\/tags?post=517"}],"curies":[{"name":"wp","href":"https:\/\/api.w.org\/{rel}","templated":true}]}}