{"id":487,"date":"2009-11-25T16:21:56","date_gmt":"2009-11-25T15:21:56","guid":{"rendered":"https:\/\/blog.bonzini.ovh\/?p=487"},"modified":"2023-01-27T12:00:00","modified_gmt":"2023-01-27T11:00:00","slug":"bonzini-en-finale-au-parc-des-princes-pour-les-psg-babyfoot-series","status":"publish","type":"post","link":"https:\/\/www.bonzini.com\/blog\/2009\/11\/25\/bonzini-en-finale-au-parc-des-princes-pour-les-psg-babyfoot-series\/","title":{"rendered":"Bonzini en finale au Parc des Princes pour les PSG Babyfoot Series"},"content":{"rendered":"<div class=\"flex-images\"><img decoding=\"async\" loading=\"lazy\" class=\"alignnone size-full wp-image-491\" src=\"https:\/\/blog.bonzini.ovh\/wp-content\/uploads\/2018\/08\/21-c-bonzini-psg-babyfoot-series-1.jpg\" alt=\"\" width=\"150\" height=\"101\" \/> <img decoding=\"async\" loading=\"lazy\" class=\"alignnone size-full wp-image-490\" src=\"https:\/\/blog.bonzini.ovh\/wp-content\/uploads\/2018\/08\/21-a-bonzini-psg-babyfoot-series-v.jpg\" alt=\"\" width=\"140\" height=\"93\" \/> <img decoding=\"async\" loading=\"lazy\" class=\"alignnone size-full wp-image-489\" src=\"https:\/\/blog.bonzini.ovh\/wp-content\/uploads\/2018\/08\/21-b-bonzini-psg-babyfoot-series-v.jpg\" alt=\"\" width=\"140\" height=\"93\" \/><\/div>\n<p>&nbsp;<\/p>\n<p><strong>Samedi 21 novembre 2009 avait lieu au Parc des Princes un grand tournoi de babyfoot organis\u00e9 par le\u00a0<a title=\"www.psg.fr\" href=\"http:\/\/www.psg.fr\/\" target=\"_blank\" rel=\"noopener\">PSG<\/a>\u00a0en collaboration avec la\u00a0<a title=\"France Babyfoot\" href=\"http:\/\/www.francebabyfoot.com\/\" target=\"_blank\" rel=\"noopener\">FFFT<\/a>\u00a0et Bonzini.<\/strong><\/p>\n<p>&nbsp;<\/p>\n<p>Les inscriptions, ouvertes \u00e0 tous, ont permis \u00e0 plus de 80 joueurs de s\u2019affronter autour de 32 babyfoot Bonzini dans les Loges du Parc des Princes.<\/p>\n<p>&nbsp;<\/p>\n<p>La finale se jouera ce samedi 28 novembre \u00e0 18h, en lev\u00e9e de rideau du match de football PSG-Auxerre sur la pelouse du Parc. L\u2019\u00e9quipe vainqueur remportera un babyfoot Bonzini personnalis\u00e9 aux couleurs du PSG !<\/p>\n<p>&nbsp;<\/p>\n<p>Voir la page internet des\u00a0<a title=\"PSG Babyfoot Series\" href=\"http:\/\/www.psg.fr\/fr\/Article\/003001\/Article\/46718\/PSG-Babyfoot-Series-le-21-novembre\" target=\"_blank\" rel=\"noopener\">PSG Babyfoot Series<\/a><\/p>\n<p>&nbsp;<\/p>\n<p>Photos 1 et 3 : \u00a9 Bonzini &#8211; Photo 2 : \u00a9 PSG<\/p>\n","protected":false},"excerpt":{"rendered":"<p>Samedi 21 novembre 2009 avait lieu au Parc des Princes un grand tournoi de babyfoot organis\u00e9 par le PSG en collaboration avec la FFFT et Bonzini.<\/p>\n","protected":false},"author":1,"featured_media":488,"comment_status":"closed","ping_status":"open","sticky":false,"template":"","format":"standard","meta":[],"categories":[1],"tags":[],"yoast_head":"<!-- This site is optimized with the Yoast SEO plugin v21.8.1 - https:\/\/yoast.com\/wordpress\/plugins\/seo\/ -->\n<title>Bonzini en finale au Parc des Princes pour les PSG Babyfoot Series - Bonzini<\/title>\n<meta name=\"description\" content=\"Samedi 21 novembre 2009 avait lieu au Parc des Princes un grand tournoi de babyfoot organis\u00e9 par le PSG en collaboration avec la FFFT et Bonzini.\" \/>\n<meta name=\"robots\" content=\"index, follow, max-snippet:-1, max-image-preview:large, max-video-preview:-1\" \/>\n<link rel=\"canonical\" href=\"https:\/\/www.bonzini.com\/blog\/2009\/11\/25\/bonzini-en-finale-au-parc-des-princes-pour-les-psg-babyfoot-series\/\" \/>\n<meta property=\"og:locale\" content=\"fr_FR\" \/>\n<meta property=\"og:type\" content=\"article\" \/>\n<meta property=\"og:title\" content=\"Bonzini en finale au Parc des Princes pour les PSG Babyfoot Series - Bonzini\" \/>\n<meta property=\"og:description\" content=\"Samedi 21 novembre 2009 avait lieu au Parc des Princes un grand tournoi de babyfoot organis\u00e9 par le PSG en collaboration avec la FFFT et Bonzini.\" \/>\n<meta property=\"og:url\" content=\"https:\/\/www.bonzini.com\/blog\/2009\/11\/25\/bonzini-en-finale-au-parc-des-princes-pour-les-psg-babyfoot-series\/\" \/>\n<meta property=\"og:site_name\" content=\"Bonzini\" \/>\n<meta property=\"article:published_time\" content=\"2009-11-25T15:21:56+00:00\" \/>\n<meta property=\"article:modified_time\" content=\"2023-01-27T11:00:00+00:00\" \/>\n<meta property=\"og:image\" content=\"https:\/\/www.bonzini.com\/blog\/wp-content\/uploads\/2018\/08\/blog-106-1.jpg\" \/>\n\t<meta property=\"og:image:width\" content=\"220\" \/>\n\t<meta property=\"og:image:height\" content=\"220\" \/>\n\t<meta property=\"og:image:type\" content=\"image\/jpeg\" \/>\n<meta name=\"author\" content=\"bonzini\" \/>\n<meta name=\"twitter:card\" content=\"summary_large_image\" \/>\n<meta name=\"twitter:label1\" content=\"\u00c9crit par\" \/>\n\t<meta name=\"twitter:data1\" content=\"bonzini\" \/>\n\t<meta name=\"twitter:label2\" content=\"Dur\u00e9e de lecture estim\u00e9e\" \/>\n\t<meta name=\"twitter:data2\" content=\"1 minute\" \/>\n<script type=\"application\/ld+json\" class=\"yoast-schema-graph\">{\"@context\":\"https:\/\/schema.org\",\"@graph\":[{\"@type\":\"WebPage\",\"@id\":\"https:\/\/www.bonzini.com\/blog\/2009\/11\/25\/bonzini-en-finale-au-parc-des-princes-pour-les-psg-babyfoot-series\/\",\"url\":\"https:\/\/www.bonzini.com\/blog\/2009\/11\/25\/bonzini-en-finale-au-parc-des-princes-pour-les-psg-babyfoot-series\/\",\"name\":\"Bonzini en finale au Parc des Princes pour les PSG Babyfoot Series - Bonzini\",\"isPartOf\":{\"@id\":\"https:\/\/www.bonzini.com\/blog\/#website\"},\"datePublished\":\"2009-11-25T15:21:56+00:00\",\"dateModified\":\"2023-01-27T11:00:00+00:00\",\"author\":{\"@id\":\"https:\/\/www.bonzini.com\/blog\/#\/schema\/person\/3a164b3b9e942303746bba343b101522\"},\"description\":\"Samedi 21 novembre 2009 avait lieu au Parc des Princes un grand tournoi de babyfoot organis\u00e9 par le PSG en collaboration avec la FFFT et Bonzini.\",\"breadcrumb\":{\"@id\":\"https:\/\/www.bonzini.com\/blog\/2009\/11\/25\/bonzini-en-finale-au-parc-des-princes-pour-les-psg-babyfoot-series\/#breadcrumb\"},\"inLanguage\":\"fr-FR\",\"potentialAction\":[{\"@type\":\"ReadAction\",\"target\":[\"https:\/\/www.bonzini.com\/blog\/2009\/11\/25\/bonzini-en-finale-au-parc-des-princes-pour-les-psg-babyfoot-series\/\"]}]},{\"@type\":\"BreadcrumbList\",\"@id\":\"https:\/\/www.bonzini.com\/blog\/2009\/11\/25\/bonzini-en-finale-au-parc-des-princes-pour-les-psg-babyfoot-series\/#breadcrumb\",\"itemListElement\":[{\"@type\":\"ListItem\",\"position\":1,\"name\":\"Accueil\",\"item\":\"https:\/\/www.bonzini.com\/blog\/\"},{\"@type\":\"ListItem\",\"position\":2,\"name\":\"Bonzini en finale au Parc des Princes pour les PSG Babyfoot Series\"}]},{\"@type\":\"WebSite\",\"@id\":\"https:\/\/www.bonzini.com\/blog\/#website\",\"url\":\"https:\/\/www.bonzini.com\/blog\/\",\"name\":\"Bonzini\",\"description\":\"Bonzini\",\"potentialAction\":[{\"@type\":\"SearchAction\",\"target\":{\"@type\":\"EntryPoint\",\"urlTemplate\":\"https:\/\/www.bonzini.com\/blog\/?s={search_term_string}\"},\"query-input\":\"required name=search_term_string\"}],\"inLanguage\":\"fr-FR\"},{\"@type\":\"Person\",\"@id\":\"https:\/\/www.bonzini.com\/blog\/#\/schema\/person\/3a164b3b9e942303746bba343b101522\",\"name\":\"bonzini\",\"image\":{\"@type\":\"ImageObject\",\"inLanguage\":\"fr-FR\",\"@id\":\"https:\/\/www.bonzini.com\/blog\/#\/schema\/person\/image\/\",\"url\":\"https:\/\/secure.gravatar.com\/avatar\/ff3a4a50bc00cb239a65141fd0bfaf83?s=96&d=mm&r=g\",\"contentUrl\":\"https:\/\/secure.gravatar.com\/avatar\/ff3a4a50bc00cb239a65141fd0bfaf83?s=96&d=mm&r=g\",\"caption\":\"bonzini\"},\"url\":\"https:\/\/www.bonzini.com\/blog\/author\/bonzini\/\"}]}<\/script>\n<!-- \/ Yoast SEO plugin. -->","yoast_head_json":{"title":"Bonzini en finale au Parc des Princes pour les PSG Babyfoot Series - Bonzini","description":"Samedi 21 novembre 2009 avait lieu au Parc des Princes un grand tournoi de babyfoot organis\u00e9 par le PSG en collaboration avec la FFFT et Bonzini.","robots":{"index":"index","follow":"follow","max-snippet":"max-snippet:-1","max-image-preview":"max-image-preview:large","max-video-preview":"max-video-preview:-1"},"canonical":"https:\/\/www.bonzini.com\/blog\/2009\/11\/25\/bonzini-en-finale-au-parc-des-princes-pour-les-psg-babyfoot-series\/","og_locale":"fr_FR","og_type":"article","og_title":"Bonzini en finale au Parc des Princes pour les PSG Babyfoot Series - Bonzini","og_description":"Samedi 21 novembre 2009 avait lieu au Parc des Princes un grand tournoi de babyfoot organis\u00e9 par le PSG en collaboration avec la FFFT et Bonzini.","og_url":"https:\/\/www.bonzini.com\/blog\/2009\/11\/25\/bonzini-en-finale-au-parc-des-princes-pour-les-psg-babyfoot-series\/","og_site_name":"Bonzini","article_published_time":"2009-11-25T15:21:56+00:00","article_modified_time":"2023-01-27T11:00:00+00:00","og_image":[{"width":220,"height":220,"url":"https:\/\/www.bonzini.com\/blog\/wp-content\/uploads\/2018\/08\/blog-106-1.jpg","type":"image\/jpeg"}],"author":"bonzini","twitter_card":"summary_large_image","twitter_misc":{"\u00c9crit par":"bonzini","Dur\u00e9e de lecture estim\u00e9e":"1 minute"},"schema":{"@context":"https:\/\/schema.org","@graph":[{"@type":"WebPage","@id":"https:\/\/www.bonzini.com\/blog\/2009\/11\/25\/bonzini-en-finale-au-parc-des-princes-pour-les-psg-babyfoot-series\/","url":"https:\/\/www.bonzini.com\/blog\/2009\/11\/25\/bonzini-en-finale-au-parc-des-princes-pour-les-psg-babyfoot-series\/","name":"Bonzini en finale au Parc des Princes pour les PSG Babyfoot Series - Bonzini","isPartOf":{"@id":"https:\/\/www.bonzini.com\/blog\/#website"},"datePublished":"2009-11-25T15:21:56+00:00","dateModified":"2023-01-27T11:00:00+00:00","author":{"@id":"https:\/\/www.bonzini.com\/blog\/#\/schema\/person\/3a164b3b9e942303746bba343b101522"},"description":"Samedi 21 novembre 2009 avait lieu au Parc des Princes un grand tournoi de babyfoot organis\u00e9 par le PSG en collaboration avec la FFFT et Bonzini.","breadcrumb":{"@id":"https:\/\/www.bonzini.com\/blog\/2009\/11\/25\/bonzini-en-finale-au-parc-des-princes-pour-les-psg-babyfoot-series\/#breadcrumb"},"inLanguage":"fr-FR","potentialAction":[{"@type":"ReadAction","target":["https:\/\/www.bonzini.com\/blog\/2009\/11\/25\/bonzini-en-finale-au-parc-des-princes-pour-les-psg-babyfoot-series\/"]}]},{"@type":"BreadcrumbList","@id":"https:\/\/www.bonzini.com\/blog\/2009\/11\/25\/bonzini-en-finale-au-parc-des-princes-pour-les-psg-babyfoot-series\/#breadcrumb","itemListElement":[{"@type":"ListItem","position":1,"name":"Accueil","item":"https:\/\/www.bonzini.com\/blog\/"},{"@type":"ListItem","position":2,"name":"Bonzini en finale au Parc des Princes pour les PSG Babyfoot Series"}]},{"@type":"WebSite","@id":"https:\/\/www.bonzini.com\/blog\/#website","url":"https:\/\/www.bonzini.com\/blog\/","name":"Bonzini","description":"Bonzini","potentialAction":[{"@type":"SearchAction","target":{"@type":"EntryPoint","urlTemplate":"https:\/\/www.bonzini.com\/blog\/?s={search_term_string}"},"query-input":"required name=search_term_string"}],"inLanguage":"fr-FR"},{"@type":"Person","@id":"https:\/\/www.bonzini.com\/blog\/#\/schema\/person\/3a164b3b9e942303746bba343b101522","name":"bonzini","image":{"@type":"ImageObject","inLanguage":"fr-FR","@id":"https:\/\/www.bonzini.com\/blog\/#\/schema\/person\/image\/","url":"https:\/\/secure.gravatar.com\/avatar\/ff3a4a50bc00cb239a65141fd0bfaf83?s=96&d=mm&r=g","contentUrl":"https:\/\/secure.gravatar.com\/avatar\/ff3a4a50bc00cb239a65141fd0bfaf83?s=96&d=mm&r=g","caption":"bonzini"},"url":"https:\/\/www.bonzini.com\/blog\/author\/bonzini\/"}]}},"_links":{"self":[{"href":"https:\/\/www.bonzini.com\/blog\/wp-json\/wp\/v2\/posts\/487"}],"collection":[{"href":"https:\/\/www.bonzini.com\/blog\/wp-json\/wp\/v2\/posts"}],"about":[{"href":"https:\/\/www.bonzini.com\/blog\/wp-json\/wp\/v2\/types\/post"}],"author":[{"embeddable":true,"href":"https:\/\/www.bonzini.com\/blog\/wp-json\/wp\/v2\/users\/1"}],"replies":[{"embeddable":true,"href":"https:\/\/www.bonzini.com\/blog\/wp-json\/wp\/v2\/comments?post=487"}],"version-history":[{"count":6,"href":"https:\/\/www.bonzini.com\/blog\/wp-json\/wp\/v2\/posts\/487\/revisions"}],"predecessor-version":[{"id":497,"href":"https:\/\/www.bonzini.com\/blog\/wp-json\/wp\/v2\/posts\/487\/revisions\/497"}],"wp:featuredmedia":[{"embeddable":true,"href":"https:\/\/www.bonzini.com\/blog\/wp-json\/wp\/v2\/media\/488"}],"wp:attachment":[{"href":"https:\/\/www.bonzini.com\/blog\/wp-json\/wp\/v2\/media?parent=487"}],"wp:term":[{"taxonomy":"category","embeddable":true,"href":"https:\/\/www.bonzini.com\/blog\/wp-json\/wp\/v2\/categories?post=487"},{"taxonomy":"post_tag","embeddable":true,"href":"https:\/\/www.bonzini.com\/blog\/wp-json\/wp\/v2\/tags?post=487"}],"curies":[{"name":"wp","href":"https:\/\/api.w.org\/{rel}","templated":true}]}}