{"id":364,"date":"2012-03-06T09:30:11","date_gmt":"2012-03-06T08:30:11","guid":{"rendered":"https:\/\/blog.bonzini.ovh\/?p=364"},"modified":"2023-01-27T12:00:00","modified_gmt":"2023-01-27T11:00:00","slug":"bonzini-invite-du-colette-carnaval","status":"publish","type":"post","link":"https:\/\/www.bonzini.com\/blog\/2012\/03\/06\/bonzini-invite-du-colette-carnaval\/","title":{"rendered":"Bonzini, invit\u00e9 du Colette Carnaval"},"content":{"rendered":"<p><img decoding=\"async\" loading=\"lazy\" class=\"alignnone size-full wp-image-369\" src=\"https:\/\/blog.bonzini.ovh\/wp-content\/uploads\/2018\/08\/bonzini-colette-carnaval-1.jpg\" alt=\"\" width=\"150\" height=\"126\" \/> <img decoding=\"async\" loading=\"lazy\" class=\"alignnone size-full wp-image-368\" src=\"https:\/\/blog.bonzini.ovh\/wp-content\/uploads\/2018\/08\/bonzini-colette-carnaval-2-V.jpg\" alt=\"\" width=\"297\" height=\"126\" \/><\/p>\n<p><strong>&gt; Bonzini, invit\u00e9 du Colette Carnaval au Jardin des Tuileries le we du 10 &amp; 11 mars 2012 !<\/strong><\/p>\n<p>&nbsp;<\/p>\n<p><img decoding=\"async\" loading=\"lazy\" class=\"size-full wp-image-367 alignleft\" src=\"https:\/\/blog.bonzini.ovh\/wp-content\/uploads\/2018\/08\/bonzini-colette-carnaval-3-V.jpg\" alt=\"\" width=\"168\" height=\"200\" \/> <img decoding=\"async\" loading=\"lazy\" class=\"size-full wp-image-366 alignright\" src=\"https:\/\/blog.bonzini.ovh\/wp-content\/uploads\/2018\/08\/bonzini-colette-carnaval-4-V.jpg\" alt=\"\" width=\"168\" height=\"170\" srcset=\"https:\/\/www.bonzini.com\/blog\/wp-content\/uploads\/2018\/08\/bonzini-colette-carnaval-4-V.webp 168w, https:\/\/www.bonzini.com\/blog\/wp-content\/uploads\/2018\/08\/bonzini-colette-carnaval-4-V-100x100.webp 100w\" sizes=\"(max-width: 168px) 100vw, 168px\" \/>Pour f\u00eater ses 15 ans, Colette, le mythique concept store de Paris, organise son carnaval au Jardin des Tuileries ce we du 10 &amp; 11 mars 2012 !<br \/>\nDepuis 1997, Colette r\u00e9-invente en permanence la notion de shopping.<\/p>\n<p><strong>Bonzini s\u2019est r\u00e9joui de l\u2019int\u00e9r\u00eat que Colette a port\u00e9 \u00e0 notre gamme de babyfoot, et est heureux de l\u2019accompagner pour f\u00eater ses 15 ans.<br \/>\n<\/strong>Deux mod\u00e8les de collection Bonzini seront expos\u00e9s et \u00e0 disposition du public pendant ces deux jours de Colette carnaval.<\/p>\n<p>&nbsp;<\/p>\n<p><strong>&gt; 2 Mod\u00e8les 3 m\u00e8tres permettant \u00e0 8 joueurs de partager la convivialit\u00e9 du babyfoot !<br \/>\n<\/strong><br \/>\nCet \u00e9v\u00e9nement culturel alliant les genres, autour de stands food, design, beaut\u00e9, mode ; d\u2019animations musicales, sportives, artistiques, est le RDV \u00e0 l\u2019image du 213 rue Saint-Honor\u00e9 &#8211; Paris 1er, \u00e0 ne pas manquer\u2026<\/p>\n<p><strong>&gt; Site officiel :\u00a0<a title=\"Visiter le site du Carnaval de Colette\" href=\"http:\/\/www.colettecarnaval.fr\/\" target=\"_blank\" rel=\"noopener\">www.colettecarnaval.fr<\/a><\/strong><\/p>\n","protected":false},"excerpt":{"rendered":"<p>Bonzini, invit\u00e9 du Colette Carnaval au Jardin des Tuileries le we du 10 &#038; 11 mars 2012 !\t<\/p>\n","protected":false},"author":1,"featured_media":365,"comment_status":"closed","ping_status":"open","sticky":false,"template":"","format":"standard","meta":[],"categories":[1],"tags":[],"yoast_head":"<!-- This site is optimized with the Yoast SEO plugin v21.8.1 - https:\/\/yoast.com\/wordpress\/plugins\/seo\/ -->\n<title>Bonzini, invit\u00e9 du Colette Carnaval - Bonzini<\/title>\n<meta name=\"description\" content=\"Bonzini, invit\u00e9 du Colette Carnaval au Jardin des Tuileries le we du 10 &amp; 11 mars 2012 !\" \/>\n<meta name=\"robots\" content=\"index, follow, max-snippet:-1, max-image-preview:large, max-video-preview:-1\" \/>\n<link rel=\"canonical\" href=\"https:\/\/www.bonzini.com\/blog\/2012\/03\/06\/bonzini-invite-du-colette-carnaval\/\" \/>\n<meta property=\"og:locale\" content=\"fr_FR\" \/>\n<meta property=\"og:type\" content=\"article\" \/>\n<meta property=\"og:title\" content=\"Bonzini, invit\u00e9 du Colette Carnaval - Bonzini\" \/>\n<meta property=\"og:description\" content=\"Bonzini, invit\u00e9 du Colette Carnaval au Jardin des Tuileries le we du 10 &amp; 11 mars 2012 !\" \/>\n<meta property=\"og:url\" content=\"https:\/\/www.bonzini.com\/blog\/2012\/03\/06\/bonzini-invite-du-colette-carnaval\/\" \/>\n<meta property=\"og:site_name\" content=\"Bonzini\" \/>\n<meta property=\"article:published_time\" content=\"2012-03-06T08:30:11+00:00\" \/>\n<meta property=\"article:modified_time\" content=\"2023-01-27T11:00:00+00:00\" \/>\n<meta property=\"og:image\" content=\"https:\/\/www.bonzini.com\/blog\/wp-content\/uploads\/2018\/08\/blog-p.jpg\" \/>\n\t<meta property=\"og:image:width\" content=\"220\" \/>\n\t<meta property=\"og:image:height\" content=\"220\" \/>\n\t<meta property=\"og:image:type\" content=\"image\/jpeg\" \/>\n<meta name=\"author\" content=\"bonzini\" \/>\n<meta name=\"twitter:card\" content=\"summary_large_image\" \/>\n<meta name=\"twitter:label1\" content=\"\u00c9crit par\" \/>\n\t<meta name=\"twitter:data1\" content=\"bonzini\" \/>\n\t<meta name=\"twitter:label2\" content=\"Dur\u00e9e de lecture estim\u00e9e\" \/>\n\t<meta name=\"twitter:data2\" content=\"1 minute\" \/>\n<script type=\"application\/ld+json\" class=\"yoast-schema-graph\">{\"@context\":\"https:\/\/schema.org\",\"@graph\":[{\"@type\":\"WebPage\",\"@id\":\"https:\/\/www.bonzini.com\/blog\/2012\/03\/06\/bonzini-invite-du-colette-carnaval\/\",\"url\":\"https:\/\/www.bonzini.com\/blog\/2012\/03\/06\/bonzini-invite-du-colette-carnaval\/\",\"name\":\"Bonzini, invit\u00e9 du Colette Carnaval - Bonzini\",\"isPartOf\":{\"@id\":\"https:\/\/www.bonzini.com\/blog\/#website\"},\"datePublished\":\"2012-03-06T08:30:11+00:00\",\"dateModified\":\"2023-01-27T11:00:00+00:00\",\"author\":{\"@id\":\"https:\/\/www.bonzini.com\/blog\/#\/schema\/person\/3a164b3b9e942303746bba343b101522\"},\"description\":\"Bonzini, invit\u00e9 du Colette Carnaval au Jardin des Tuileries le we du 10 & 11 mars 2012 !\",\"breadcrumb\":{\"@id\":\"https:\/\/www.bonzini.com\/blog\/2012\/03\/06\/bonzini-invite-du-colette-carnaval\/#breadcrumb\"},\"inLanguage\":\"fr-FR\",\"potentialAction\":[{\"@type\":\"ReadAction\",\"target\":[\"https:\/\/www.bonzini.com\/blog\/2012\/03\/06\/bonzini-invite-du-colette-carnaval\/\"]}]},{\"@type\":\"BreadcrumbList\",\"@id\":\"https:\/\/www.bonzini.com\/blog\/2012\/03\/06\/bonzini-invite-du-colette-carnaval\/#breadcrumb\",\"itemListElement\":[{\"@type\":\"ListItem\",\"position\":1,\"name\":\"Accueil\",\"item\":\"https:\/\/www.bonzini.com\/blog\/\"},{\"@type\":\"ListItem\",\"position\":2,\"name\":\"Bonzini, invit\u00e9 du Colette Carnaval\"}]},{\"@type\":\"WebSite\",\"@id\":\"https:\/\/www.bonzini.com\/blog\/#website\",\"url\":\"https:\/\/www.bonzini.com\/blog\/\",\"name\":\"Bonzini\",\"description\":\"Bonzini\",\"potentialAction\":[{\"@type\":\"SearchAction\",\"target\":{\"@type\":\"EntryPoint\",\"urlTemplate\":\"https:\/\/www.bonzini.com\/blog\/?s={search_term_string}\"},\"query-input\":\"required name=search_term_string\"}],\"inLanguage\":\"fr-FR\"},{\"@type\":\"Person\",\"@id\":\"https:\/\/www.bonzini.com\/blog\/#\/schema\/person\/3a164b3b9e942303746bba343b101522\",\"name\":\"bonzini\",\"image\":{\"@type\":\"ImageObject\",\"inLanguage\":\"fr-FR\",\"@id\":\"https:\/\/www.bonzini.com\/blog\/#\/schema\/person\/image\/\",\"url\":\"https:\/\/secure.gravatar.com\/avatar\/ff3a4a50bc00cb239a65141fd0bfaf83?s=96&d=mm&r=g\",\"contentUrl\":\"https:\/\/secure.gravatar.com\/avatar\/ff3a4a50bc00cb239a65141fd0bfaf83?s=96&d=mm&r=g\",\"caption\":\"bonzini\"},\"url\":\"https:\/\/www.bonzini.com\/blog\/author\/bonzini\/\"}]}<\/script>\n<!-- \/ Yoast SEO plugin. -->","yoast_head_json":{"title":"Bonzini, invit\u00e9 du Colette Carnaval - Bonzini","description":"Bonzini, invit\u00e9 du Colette Carnaval au Jardin des Tuileries le we du 10 & 11 mars 2012 !","robots":{"index":"index","follow":"follow","max-snippet":"max-snippet:-1","max-image-preview":"max-image-preview:large","max-video-preview":"max-video-preview:-1"},"canonical":"https:\/\/www.bonzini.com\/blog\/2012\/03\/06\/bonzini-invite-du-colette-carnaval\/","og_locale":"fr_FR","og_type":"article","og_title":"Bonzini, invit\u00e9 du Colette Carnaval - Bonzini","og_description":"Bonzini, invit\u00e9 du Colette Carnaval au Jardin des Tuileries le we du 10 & 11 mars 2012 !","og_url":"https:\/\/www.bonzini.com\/blog\/2012\/03\/06\/bonzini-invite-du-colette-carnaval\/","og_site_name":"Bonzini","article_published_time":"2012-03-06T08:30:11+00:00","article_modified_time":"2023-01-27T11:00:00+00:00","og_image":[{"width":220,"height":220,"url":"https:\/\/www.bonzini.com\/blog\/wp-content\/uploads\/2018\/08\/blog-p.jpg","type":"image\/jpeg"}],"author":"bonzini","twitter_card":"summary_large_image","twitter_misc":{"\u00c9crit par":"bonzini","Dur\u00e9e de lecture estim\u00e9e":"1 minute"},"schema":{"@context":"https:\/\/schema.org","@graph":[{"@type":"WebPage","@id":"https:\/\/www.bonzini.com\/blog\/2012\/03\/06\/bonzini-invite-du-colette-carnaval\/","url":"https:\/\/www.bonzini.com\/blog\/2012\/03\/06\/bonzini-invite-du-colette-carnaval\/","name":"Bonzini, invit\u00e9 du Colette Carnaval - Bonzini","isPartOf":{"@id":"https:\/\/www.bonzini.com\/blog\/#website"},"datePublished":"2012-03-06T08:30:11+00:00","dateModified":"2023-01-27T11:00:00+00:00","author":{"@id":"https:\/\/www.bonzini.com\/blog\/#\/schema\/person\/3a164b3b9e942303746bba343b101522"},"description":"Bonzini, invit\u00e9 du Colette Carnaval au Jardin des Tuileries le we du 10 & 11 mars 2012 !","breadcrumb":{"@id":"https:\/\/www.bonzini.com\/blog\/2012\/03\/06\/bonzini-invite-du-colette-carnaval\/#breadcrumb"},"inLanguage":"fr-FR","potentialAction":[{"@type":"ReadAction","target":["https:\/\/www.bonzini.com\/blog\/2012\/03\/06\/bonzini-invite-du-colette-carnaval\/"]}]},{"@type":"BreadcrumbList","@id":"https:\/\/www.bonzini.com\/blog\/2012\/03\/06\/bonzini-invite-du-colette-carnaval\/#breadcrumb","itemListElement":[{"@type":"ListItem","position":1,"name":"Accueil","item":"https:\/\/www.bonzini.com\/blog\/"},{"@type":"ListItem","position":2,"name":"Bonzini, invit\u00e9 du Colette Carnaval"}]},{"@type":"WebSite","@id":"https:\/\/www.bonzini.com\/blog\/#website","url":"https:\/\/www.bonzini.com\/blog\/","name":"Bonzini","description":"Bonzini","potentialAction":[{"@type":"SearchAction","target":{"@type":"EntryPoint","urlTemplate":"https:\/\/www.bonzini.com\/blog\/?s={search_term_string}"},"query-input":"required name=search_term_string"}],"inLanguage":"fr-FR"},{"@type":"Person","@id":"https:\/\/www.bonzini.com\/blog\/#\/schema\/person\/3a164b3b9e942303746bba343b101522","name":"bonzini","image":{"@type":"ImageObject","inLanguage":"fr-FR","@id":"https:\/\/www.bonzini.com\/blog\/#\/schema\/person\/image\/","url":"https:\/\/secure.gravatar.com\/avatar\/ff3a4a50bc00cb239a65141fd0bfaf83?s=96&d=mm&r=g","contentUrl":"https:\/\/secure.gravatar.com\/avatar\/ff3a4a50bc00cb239a65141fd0bfaf83?s=96&d=mm&r=g","caption":"bonzini"},"url":"https:\/\/www.bonzini.com\/blog\/author\/bonzini\/"}]}},"_links":{"self":[{"href":"https:\/\/www.bonzini.com\/blog\/wp-json\/wp\/v2\/posts\/364"}],"collection":[{"href":"https:\/\/www.bonzini.com\/blog\/wp-json\/wp\/v2\/posts"}],"about":[{"href":"https:\/\/www.bonzini.com\/blog\/wp-json\/wp\/v2\/types\/post"}],"author":[{"embeddable":true,"href":"https:\/\/www.bonzini.com\/blog\/wp-json\/wp\/v2\/users\/1"}],"replies":[{"embeddable":true,"href":"https:\/\/www.bonzini.com\/blog\/wp-json\/wp\/v2\/comments?post=364"}],"version-history":[{"count":2,"href":"https:\/\/www.bonzini.com\/blog\/wp-json\/wp\/v2\/posts\/364\/revisions"}],"predecessor-version":[{"id":373,"href":"https:\/\/www.bonzini.com\/blog\/wp-json\/wp\/v2\/posts\/364\/revisions\/373"}],"wp:featuredmedia":[{"embeddable":true,"href":"https:\/\/www.bonzini.com\/blog\/wp-json\/wp\/v2\/media\/365"}],"wp:attachment":[{"href":"https:\/\/www.bonzini.com\/blog\/wp-json\/wp\/v2\/media?parent=364"}],"wp:term":[{"taxonomy":"category","embeddable":true,"href":"https:\/\/www.bonzini.com\/blog\/wp-json\/wp\/v2\/categories?post=364"},{"taxonomy":"post_tag","embeddable":true,"href":"https:\/\/www.bonzini.com\/blog\/wp-json\/wp\/v2\/tags?post=364"}],"curies":[{"name":"wp","href":"https:\/\/api.w.org\/{rel}","templated":true}]}}