{"id":2309,"date":"2025-07-21T21:10:08","date_gmt":"2025-07-21T19:10:08","guid":{"rendered":"https:\/\/www.bonzini.com\/blog\/?p=2309"},"modified":"2025-07-21T21:13:35","modified_gmt":"2025-07-21T19:13:35","slug":"briquetas-de-madera-densificada-15-anos-de-calefaccion-ecorresponsable","status":"publish","type":"post","link":"https:\/\/www.bonzini.com\/blog\/es\/2025\/07\/21\/briquetas-de-madera-densificada-15-anos-de-calefaccion-ecorresponsable\/","title":{"rendered":"Briquetas de madera densificada, 15\u00a0a\u00f1os de calefacci\u00f3n ecorresponsable"},"content":{"rendered":"<p><strong style=\"font-weight: 400;\"><img decoding=\"async\" loading=\"lazy\" class=\"alignnone wp-image-2295 size-full\" src=\"https:\/\/www.bonzini.com\/blog\/wp-content\/uploads\/2025\/07\/bonzini-briquette-bois-densifie-chauffage-0.jpg\" alt=\"\" width=\"2042\" height=\"964\" srcset=\"https:\/\/www.bonzini.com\/blog\/wp-content\/uploads\/2025\/07\/bonzini-briquette-bois-densifie-chauffage-0.webp 2042w, https:\/\/www.bonzini.com\/blog\/wp-content\/uploads\/2025\/07\/bonzini-briquette-bois-densifie-chauffage-0-300x142.webp 300w, https:\/\/www.bonzini.com\/blog\/wp-content\/uploads\/2025\/07\/bonzini-briquette-bois-densifie-chauffage-0-1024x483.webp 1024w, https:\/\/www.bonzini.com\/blog\/wp-content\/uploads\/2025\/07\/bonzini-briquette-bois-densifie-chauffage-0-768x363.webp 768w, https:\/\/www.bonzini.com\/blog\/wp-content\/uploads\/2025\/07\/bonzini-briquette-bois-densifie-chauffage-0-1536x725.webp 1536w\" sizes=\"(max-width: 767px) 89vw, (max-width: 1000px) 54vw, (max-width: 1071px) 543px, 580px\" \/><\/strong><\/p>\n<p><strong>Depuis 15 ans, nous transformons les sciures et les copeaux de notre production en \u00e9nergie utile, locale et respectueuse de l\u2019environnement. <\/strong>Les copeaux proviennent du bois de h\u00eatre Premium que nous utilisons pour la fabrication de nos babyfoots.<strong style=\"font-weight: 400;\"><br \/>\n<\/strong><br \/>\nNous leur donnons ainsi une deuxi\u00e8me vie, celle de chauffer bureaux, ateliers et foyers ; d&rsquo;approvisionner fours de boulangeries et de pizzeria ; et d&rsquo;alimenter cuisini\u00e8res \u00e0 bois, chemin\u00e9es, inserts ou encore barbecues.<strong style=\"font-weight: 400;\"><br \/>\n<\/strong><br \/>\n<a style=\"font-weight: 400;\" href=\"https:\/\/www.bonzini.com\/es\/60-mecheros?order=product.name.asc\"><u>Voir la liste des conditionnements de briquettes et nos tarifs<strong><br \/>\n<\/strong><br \/>\n<\/u><\/a><strong style=\"font-weight: 400;\">\u267b\ufe0f<\/strong> <strong>Un produit 100 % circulaire, n\u00e9 de notre atelier bois<\/strong><strong style=\"font-weight: 400;\"><br \/>\n<\/strong><br \/>\n<span style=\"font-weight: 400;\">En 2011, dans le prolongement de notre d\u00e9marche \u00e9coresponsable, nous avons investi dans une presse \u00e0 briquettes que nous avons associ\u00e9e \u00e0 un nouveau syst\u00e8me d\u2019aspiration dans les ateliers de menuiserie conforme aux normes europ\u00e9ennes<strong><br \/>\n<\/strong><br \/>\n<strong>L\u2019objectif :<\/strong> valoriser sciures et copeaux de <strong>h\u00eatre 1er choix<\/strong> en les compactant sous forme de briquettes de bois densifi\u00e9 sans colle, ni additif, ni traitement.<strong><br \/>\n<\/strong>Ainsi, nos briquettes sont uniquement compos\u00e9es de sciures et de copeaux en bois de h\u00eatre \u00e0 tr\u00e8s faible taux d\u2019humidit\u00e9. Elles produisent <strong>une chaleur propre, efficace et naturelle<\/strong> dans la continuit\u00e9 de <a href=\"https:\/\/www.bonzini.com\/fr\/content\/32-ethique-valeurs\"><u>nos engagements pour l\u2019environnement<\/u><\/a>.<strong><br \/>\n<\/strong><br \/>\n<strong>\ud83d\udd25<\/strong><strong> Performances et avantages au quotidien<br \/>\n<\/strong><br \/>\nLes briquettes de bois densifi\u00e9 Bonzini ne sont pas qu\u2019un choix \u00e9cologique, ce sont vraiment d\u2019excellents combustibles :<\/span><\/p>\n<p><strong>\u00a0<\/strong><\/p>\n<ul style=\"font-weight: 400;\">\n<li>Pouvoir calorifique <strong>\u00e9lev\u00e9<\/strong> : 1 m\u00b3 de briquettes \u2248 4 st\u00e8res de bois b\u00fbches<\/li>\n<li>Combustion <strong>propre<\/strong> : moins de 1 % de cendres<\/li>\n<li><strong>Faible<\/strong> taux d\u2019humidit\u00e9 : 8 \u00e0 10 % maximum<\/li>\n<li>Format <strong>pratique<\/strong> : diam\u00e8tre 8 cm, longueur 7 \u00e0 8 cm<\/li>\n<li><strong>Gain<\/strong> de place consid\u00e9rable pour le stockage<\/li>\n<\/ul>\n<p style=\"font-weight: 400;\"><strong><img decoding=\"async\" loading=\"lazy\" class=\"alignnone wp-image-2269\" src=\"https:\/\/www.bonzini.com\/blog\/wp-content\/uploads\/2025\/07\/briquettes-chauffage-990-kg-3-m.webp\" alt=\"\" width=\"207\" height=\"150\" srcset=\"https:\/\/www.bonzini.com\/blog\/wp-content\/uploads\/2025\/07\/briquettes-chauffage-990-kg-3-m.webp 360w, https:\/\/www.bonzini.com\/blog\/wp-content\/uploads\/2025\/07\/briquettes-chauffage-990-kg-3-m-300x217.webp 300w\" sizes=\"(max-width: 207px) 100vw, 207px\" \/> <img decoding=\"async\" loading=\"lazy\" class=\"alignnone wp-image-2271\" src=\"https:\/\/www.bonzini.com\/blog\/wp-content\/uploads\/2025\/07\/briquettes-chauffage-palette-30-cartons-330kg-150x150.webp\" alt=\"\" width=\"170\" height=\"170\" srcset=\"https:\/\/www.bonzini.com\/blog\/wp-content\/uploads\/2025\/07\/briquettes-chauffage-palette-30-cartons-330kg-150x150.webp 150w, https:\/\/www.bonzini.com\/blog\/wp-content\/uploads\/2025\/07\/briquettes-chauffage-palette-30-cartons-330kg-300x300.webp 300w, https:\/\/www.bonzini.com\/blog\/wp-content\/uploads\/2025\/07\/briquettes-chauffage-palette-30-cartons-330kg-100x100.webp 100w, https:\/\/www.bonzini.com\/blog\/wp-content\/uploads\/2025\/07\/briquettes-chauffage-palette-30-cartons-330kg.webp 360w\" sizes=\"(max-width: 170px) 100vw, 170px\" \/><img decoding=\"async\" loading=\"lazy\" class=\"alignnone wp-image-2270 size-thumbnail\" src=\"https:\/\/www.bonzini.com\/blog\/wp-content\/uploads\/2025\/07\/briquettes-chauffage-carton-11kg-150x150.webp\" alt=\"\" width=\"150\" height=\"150\" srcset=\"https:\/\/www.bonzini.com\/blog\/wp-content\/uploads\/2025\/07\/briquettes-chauffage-carton-11kg-150x150.webp 150w, https:\/\/www.bonzini.com\/blog\/wp-content\/uploads\/2025\/07\/briquettes-chauffage-carton-11kg-100x100.webp 100w\" sizes=\"(max-width: 150px) 100vw, 150px\" \/><\/strong><\/p>\n<p style=\"font-weight: 400;\"><strong><br \/>\n\ud83c\udf55<\/strong><strong> Pizzerias, boulangeries, particuliers : un bois de feu sur-mesure<br \/>\n<\/strong><br \/>\nGr\u00e2ce \u00e0 leur <strong>puret\u00e9<\/strong>, leur <strong>propret\u00e9<\/strong> et leur <strong>constance<\/strong>, nos briquettes conviennent parfaitement :<\/p>\n<p><strong>\u00a0<\/strong><\/p>\n<ul style=\"font-weight: 400;\">\n<li>Aux po\u00eales \u00e0 bois, inserts et chemin\u00e9es des particuliers<\/li>\n<li>Aux fours \u00e0 bois professionnels, notamment dans les m\u00e9tiers de bouche (pizzerias, boulangeries, r\u00f4tisseries\u2026)<\/li>\n<\/ul>\n<p style=\"font-weight: 400;\"><strong><br \/>\n<\/strong>\ud83d\udce6 <strong>3 formats disponibles, \u00e0 emporter ou livr\u00e9s<br \/>\n<\/strong><br \/>\nNos briquettes sont propos\u00e9es \u00e0 la vente sous trois formats :<\/p>\n<p><strong>\u00a0<\/strong><\/p>\n<table style=\"font-weight: 400; height: 222px;\" width=\"561\">\n<tbody>\n<tr>\n<td width=\"99\"><strong>\u00a0Format<\/strong><\/td>\n<td style=\"text-align: center;\" width=\"90\"><strong>Poids \/ Volume<\/strong><\/td>\n<td style=\"text-align: center;\" width=\"113\"><strong>D\u00e9tail<\/strong><\/td>\n<\/tr>\n<tr>\n<td width=\"99\"><strong>\u00a0<a href=\"https:\/\/www.bonzini.com\/fr\/notre-catalogue\/178-briquettes-chauffage-carton-11kg.html\">Carton individuel<\/a><\/strong><\/td>\n<td style=\"text-align: center;\" width=\"90\">11 kg<\/td>\n<td style=\"text-align: center;\" width=\"113\">30 x 30 x 30 cm<\/td>\n<\/tr>\n<tr>\n<td width=\"99\"><strong>\u00a0<a href=\"https:\/\/www.bonzini.com\/fr\/notre-catalogue\/179-briquettes-chauffage-palette-30-cartons-330kg.html\">Palette standard<\/a><\/strong><\/td>\n<td style=\"text-align: center;\" width=\"90\">330 kg<\/td>\n<td style=\"text-align: center;\" width=\"113\">30 cartons \u2013 1 m\u00b3<\/td>\n<\/tr>\n<tr>\n<td width=\"99\"><strong>\u00a0<a href=\"https:\/\/www.bonzini.com\/fr\/notre-catalogue\/198-briquettes-chauffage-990-kg-3-m.html\">Lot complet<\/a><\/strong><\/td>\n<td style=\"text-align: center;\" width=\"90\">990 kg<\/td>\n<td style=\"text-align: center;\" width=\"113\">3 palettes \u2013 3 m\u00b3<\/td>\n<\/tr>\n<\/tbody>\n<\/table>\n<p style=\"font-weight: 400;\">Le retrait se fait \u00e0 Bagnolet, site accessible aux v\u00e9hicules utilitaires et camions.<br \/>\nLa livraison par transporteur est \u00e9galement possible sur demande<strong><br \/>\n<\/strong><br \/>\n<strong>Les briquettes Bonzini de h\u00eatre condens\u00e9, c&rsquo;est de la chaleur \u00e9cologique et professionnelle au meilleur prix !<\/strong><a href=\"https:\/\/www.bonzini.com\/es\/60-mecheros?order=product.name.asc\"><u><strong><br \/>\n<\/strong><br \/>\nVoir la liste des conditionnements de briquettes et nos tarifs<\/u><\/a><\/p>\n","protected":false},"excerpt":{"rendered":"<p>Desde hace 15 a\u00f1os, convertimos el serr\u00edn y las virutas de nuestra producci\u00f3n en energ\u00eda \u00fatil, local y respetuosa con el medio ambiente.<\/p>\n","protected":false},"author":1,"featured_media":2227,"comment_status":"closed","ping_status":"open","sticky":false,"template":"","format":"standard","meta":[],"categories":[75,81],"tags":[],"yoast_head":"<!-- This site is optimized with the Yoast SEO plugin v21.8.1 - https:\/\/yoast.com\/wordpress\/plugins\/seo\/ -->\n<title>Briquetas de madera densificada, 15\u00a0a\u00f1os de calefacci\u00f3n ecorresponsable - Bonzini<\/title>\n<meta name=\"description\" content=\"Desde hace 15 a\u00f1os, convertimos el serr\u00edn y las virutas de nuestra producci\u00f3n en energ\u00eda \u00fatil, local y respetuosa con el medio ambiente.\" \/>\n<meta name=\"robots\" content=\"index, follow, max-snippet:-1, max-image-preview:large, max-video-preview:-1\" \/>\n<link rel=\"canonical\" href=\"https:\/\/www.bonzini.com\/blog\/es\/2025\/07\/21\/briquetas-de-madera-densificada-15-anos-de-calefaccion-ecorresponsable\/\" \/>\n<meta property=\"og:locale\" content=\"fr_FR\" \/>\n<meta property=\"og:type\" content=\"article\" \/>\n<meta property=\"og:title\" content=\"Briquetas de madera densificada, 15\u00a0a\u00f1os de calefacci\u00f3n ecorresponsable - Bonzini\" \/>\n<meta property=\"og:description\" content=\"Desde hace 15 a\u00f1os, convertimos el serr\u00edn y las virutas de nuestra producci\u00f3n en energ\u00eda \u00fatil, local y respetuosa con el medio ambiente.\" \/>\n<meta property=\"og:url\" content=\"https:\/\/www.bonzini.com\/blog\/es\/2025\/07\/21\/briquetas-de-madera-densificada-15-anos-de-calefaccion-ecorresponsable\/\" \/>\n<meta property=\"og:site_name\" content=\"Bonzini\" \/>\n<meta property=\"article:published_time\" content=\"2025-07-21T19:10:08+00:00\" \/>\n<meta property=\"article:modified_time\" content=\"2025-07-21T19:13:35+00:00\" \/>\n<meta property=\"og:image\" content=\"https:\/\/www.bonzini.com\/blog\/wp-content\/uploads\/2025\/07\/bonzini-briquette-bois-densifie-chauffage-00.jpg\" \/>\n\t<meta property=\"og:image:width\" content=\"500\" \/>\n\t<meta property=\"og:image:height\" content=\"500\" \/>\n\t<meta property=\"og:image:type\" content=\"image\/jpeg\" \/>\n<meta name=\"author\" content=\"bonzini\" \/>\n<meta name=\"twitter:card\" content=\"summary_large_image\" \/>\n<meta name=\"twitter:label1\" content=\"\u00c9crit par\" \/>\n\t<meta name=\"twitter:data1\" content=\"bonzini\" \/>\n\t<meta name=\"twitter:label2\" content=\"Dur\u00e9e de lecture estim\u00e9e\" \/>\n\t<meta name=\"twitter:data2\" content=\"4 minutes\" \/>\n<script type=\"application\/ld+json\" class=\"yoast-schema-graph\">{\"@context\":\"https:\/\/schema.org\",\"@graph\":[{\"@type\":\"WebPage\",\"@id\":\"https:\/\/www.bonzini.com\/blog\/es\/2025\/07\/21\/briquetas-de-madera-densificada-15-anos-de-calefaccion-ecorresponsable\/\",\"url\":\"https:\/\/www.bonzini.com\/blog\/es\/2025\/07\/21\/briquetas-de-madera-densificada-15-anos-de-calefaccion-ecorresponsable\/\",\"name\":\"Briquetas de madera densificada, 15\u00a0a\u00f1os de calefacci\u00f3n ecorresponsable - Bonzini\",\"isPartOf\":{\"@id\":\"https:\/\/www.bonzini.com\/blog\/#website\"},\"datePublished\":\"2025-07-21T19:10:08+00:00\",\"dateModified\":\"2025-07-21T19:13:35+00:00\",\"author\":{\"@id\":\"https:\/\/www.bonzini.com\/blog\/#\/schema\/person\/3a164b3b9e942303746bba343b101522\"},\"description\":\"Desde hace 15 a\u00f1os, convertimos el serr\u00edn y las virutas de nuestra producci\u00f3n en energ\u00eda \u00fatil, local y respetuosa con el medio ambiente.\",\"breadcrumb\":{\"@id\":\"https:\/\/www.bonzini.com\/blog\/es\/2025\/07\/21\/briquetas-de-madera-densificada-15-anos-de-calefaccion-ecorresponsable\/#breadcrumb\"},\"inLanguage\":\"fr-FR\",\"potentialAction\":[{\"@type\":\"ReadAction\",\"target\":[\"https:\/\/www.bonzini.com\/blog\/es\/2025\/07\/21\/briquetas-de-madera-densificada-15-anos-de-calefaccion-ecorresponsable\/\"]}]},{\"@type\":\"BreadcrumbList\",\"@id\":\"https:\/\/www.bonzini.com\/blog\/es\/2025\/07\/21\/briquetas-de-madera-densificada-15-anos-de-calefaccion-ecorresponsable\/#breadcrumb\",\"itemListElement\":[{\"@type\":\"ListItem\",\"position\":1,\"name\":\"Accueil\",\"item\":\"https:\/\/www.bonzini.com\/blog\/\"},{\"@type\":\"ListItem\",\"position\":2,\"name\":\"Briquetas de madera densificada, 15\u00a0a\u00f1os de calefacci\u00f3n ecorresponsable\"}]},{\"@type\":\"WebSite\",\"@id\":\"https:\/\/www.bonzini.com\/blog\/#website\",\"url\":\"https:\/\/www.bonzini.com\/blog\/\",\"name\":\"Bonzini\",\"description\":\"Bonzini\",\"potentialAction\":[{\"@type\":\"SearchAction\",\"target\":{\"@type\":\"EntryPoint\",\"urlTemplate\":\"https:\/\/www.bonzini.com\/blog\/?s={search_term_string}\"},\"query-input\":\"required name=search_term_string\"}],\"inLanguage\":\"fr-FR\"},{\"@type\":\"Person\",\"@id\":\"https:\/\/www.bonzini.com\/blog\/#\/schema\/person\/3a164b3b9e942303746bba343b101522\",\"name\":\"bonzini\",\"image\":{\"@type\":\"ImageObject\",\"inLanguage\":\"fr-FR\",\"@id\":\"https:\/\/www.bonzini.com\/blog\/#\/schema\/person\/image\/\",\"url\":\"https:\/\/secure.gravatar.com\/avatar\/ff3a4a50bc00cb239a65141fd0bfaf83?s=96&d=mm&r=g\",\"contentUrl\":\"https:\/\/secure.gravatar.com\/avatar\/ff3a4a50bc00cb239a65141fd0bfaf83?s=96&d=mm&r=g\",\"caption\":\"bonzini\"},\"url\":\"https:\/\/www.bonzini.com\/blog\/author\/bonzini\/\"}]}<\/script>\n<!-- \/ Yoast SEO plugin. -->","yoast_head_json":{"title":"Briquetas de madera densificada, 15\u00a0a\u00f1os de calefacci\u00f3n ecorresponsable - Bonzini","description":"Desde hace 15 a\u00f1os, convertimos el serr\u00edn y las virutas de nuestra producci\u00f3n en energ\u00eda \u00fatil, local y respetuosa con el medio ambiente.","robots":{"index":"index","follow":"follow","max-snippet":"max-snippet:-1","max-image-preview":"max-image-preview:large","max-video-preview":"max-video-preview:-1"},"canonical":"https:\/\/www.bonzini.com\/blog\/es\/2025\/07\/21\/briquetas-de-madera-densificada-15-anos-de-calefaccion-ecorresponsable\/","og_locale":"fr_FR","og_type":"article","og_title":"Briquetas de madera densificada, 15\u00a0a\u00f1os de calefacci\u00f3n ecorresponsable - Bonzini","og_description":"Desde hace 15 a\u00f1os, convertimos el serr\u00edn y las virutas de nuestra producci\u00f3n en energ\u00eda \u00fatil, local y respetuosa con el medio ambiente.","og_url":"https:\/\/www.bonzini.com\/blog\/es\/2025\/07\/21\/briquetas-de-madera-densificada-15-anos-de-calefaccion-ecorresponsable\/","og_site_name":"Bonzini","article_published_time":"2025-07-21T19:10:08+00:00","article_modified_time":"2025-07-21T19:13:35+00:00","og_image":[{"width":500,"height":500,"url":"https:\/\/www.bonzini.com\/blog\/wp-content\/uploads\/2025\/07\/bonzini-briquette-bois-densifie-chauffage-00.jpg","type":"image\/jpeg"}],"author":"bonzini","twitter_card":"summary_large_image","twitter_misc":{"\u00c9crit par":"bonzini","Dur\u00e9e de lecture estim\u00e9e":"4 minutes"},"schema":{"@context":"https:\/\/schema.org","@graph":[{"@type":"WebPage","@id":"https:\/\/www.bonzini.com\/blog\/es\/2025\/07\/21\/briquetas-de-madera-densificada-15-anos-de-calefaccion-ecorresponsable\/","url":"https:\/\/www.bonzini.com\/blog\/es\/2025\/07\/21\/briquetas-de-madera-densificada-15-anos-de-calefaccion-ecorresponsable\/","name":"Briquetas de madera densificada, 15\u00a0a\u00f1os de calefacci\u00f3n ecorresponsable - Bonzini","isPartOf":{"@id":"https:\/\/www.bonzini.com\/blog\/#website"},"datePublished":"2025-07-21T19:10:08+00:00","dateModified":"2025-07-21T19:13:35+00:00","author":{"@id":"https:\/\/www.bonzini.com\/blog\/#\/schema\/person\/3a164b3b9e942303746bba343b101522"},"description":"Desde hace 15 a\u00f1os, convertimos el serr\u00edn y las virutas de nuestra producci\u00f3n en energ\u00eda \u00fatil, local y respetuosa con el medio ambiente.","breadcrumb":{"@id":"https:\/\/www.bonzini.com\/blog\/es\/2025\/07\/21\/briquetas-de-madera-densificada-15-anos-de-calefaccion-ecorresponsable\/#breadcrumb"},"inLanguage":"fr-FR","potentialAction":[{"@type":"ReadAction","target":["https:\/\/www.bonzini.com\/blog\/es\/2025\/07\/21\/briquetas-de-madera-densificada-15-anos-de-calefaccion-ecorresponsable\/"]}]},{"@type":"BreadcrumbList","@id":"https:\/\/www.bonzini.com\/blog\/es\/2025\/07\/21\/briquetas-de-madera-densificada-15-anos-de-calefaccion-ecorresponsable\/#breadcrumb","itemListElement":[{"@type":"ListItem","position":1,"name":"Accueil","item":"https:\/\/www.bonzini.com\/blog\/"},{"@type":"ListItem","position":2,"name":"Briquetas de madera densificada, 15\u00a0a\u00f1os de calefacci\u00f3n ecorresponsable"}]},{"@type":"WebSite","@id":"https:\/\/www.bonzini.com\/blog\/#website","url":"https:\/\/www.bonzini.com\/blog\/","name":"Bonzini","description":"Bonzini","potentialAction":[{"@type":"SearchAction","target":{"@type":"EntryPoint","urlTemplate":"https:\/\/www.bonzini.com\/blog\/?s={search_term_string}"},"query-input":"required name=search_term_string"}],"inLanguage":"fr-FR"},{"@type":"Person","@id":"https:\/\/www.bonzini.com\/blog\/#\/schema\/person\/3a164b3b9e942303746bba343b101522","name":"bonzini","image":{"@type":"ImageObject","inLanguage":"fr-FR","@id":"https:\/\/www.bonzini.com\/blog\/#\/schema\/person\/image\/","url":"https:\/\/secure.gravatar.com\/avatar\/ff3a4a50bc00cb239a65141fd0bfaf83?s=96&d=mm&r=g","contentUrl":"https:\/\/secure.gravatar.com\/avatar\/ff3a4a50bc00cb239a65141fd0bfaf83?s=96&d=mm&r=g","caption":"bonzini"},"url":"https:\/\/www.bonzini.com\/blog\/author\/bonzini\/"}]}},"_links":{"self":[{"href":"https:\/\/www.bonzini.com\/blog\/wp-json\/wp\/v2\/posts\/2309"}],"collection":[{"href":"https:\/\/www.bonzini.com\/blog\/wp-json\/wp\/v2\/posts"}],"about":[{"href":"https:\/\/www.bonzini.com\/blog\/wp-json\/wp\/v2\/types\/post"}],"author":[{"embeddable":true,"href":"https:\/\/www.bonzini.com\/blog\/wp-json\/wp\/v2\/users\/1"}],"replies":[{"embeddable":true,"href":"https:\/\/www.bonzini.com\/blog\/wp-json\/wp\/v2\/comments?post=2309"}],"version-history":[{"count":2,"href":"https:\/\/www.bonzini.com\/blog\/wp-json\/wp\/v2\/posts\/2309\/revisions"}],"predecessor-version":[{"id":2312,"href":"https:\/\/www.bonzini.com\/blog\/wp-json\/wp\/v2\/posts\/2309\/revisions\/2312"}],"wp:featuredmedia":[{"embeddable":true,"href":"https:\/\/www.bonzini.com\/blog\/wp-json\/wp\/v2\/media\/2227"}],"wp:attachment":[{"href":"https:\/\/www.bonzini.com\/blog\/wp-json\/wp\/v2\/media?parent=2309"}],"wp:term":[{"taxonomy":"category","embeddable":true,"href":"https:\/\/www.bonzini.com\/blog\/wp-json\/wp\/v2\/categories?post=2309"},{"taxonomy":"post_tag","embeddable":true,"href":"https:\/\/www.bonzini.com\/blog\/wp-json\/wp\/v2\/tags?post=2309"}],"curies":[{"name":"wp","href":"https:\/\/api.w.org\/{rel}","templated":true}]}}