{"id":1337,"date":"2019-07-03T03:00:29","date_gmt":"2019-07-03T01:00:29","guid":{"rendered":"https:\/\/blog.bonzini.com\/?p=1337"},"modified":"2024-01-19T12:03:01","modified_gmt":"2024-01-19T11:03:01","slug":"la-coupe-du-monde-de-babyfoot-itsf-2019-en-espagne","status":"publish","type":"post","link":"https:\/\/www.bonzini.com\/blog\/en\/2019\/07\/03\/la-coupe-du-monde-de-babyfoot-itsf-2019-en-espagne\/","title":{"rendered":"La Coupe du Monde de Babyfoot ITSF 2019 en Espagne\u00a0!"},"content":{"rendered":"<h3 style=\"text-align: left;\">Nouvelle destination pour la 10\u00e8me \u00e9dition de la World Cup 2019 : Direction l&rsquo;Espagne au Palacio de los Deportes \u00e0 Murcia !<br \/>\nLa comp\u00e9tition a lieu du 2 au 7 juillet 2019.<\/h3>\n<p style=\"text-align: left;\"><span style=\"color: #ff0000;\">La World Cup ITSF 2019 de baby foot en quelques chiffres\u2026<\/span><\/p>\n<p><img decoding=\"async\" loading=\"lazy\" class=\"alignleft wp-image-1214 size-medium\" src=\"https:\/\/blog.bonzini.com\/wp-content\/uploads\/2019\/07\/ITSF-World-Cup-2019-1-240x300.jpg\" alt=\"\" width=\"240\" height=\"300\" srcset=\"https:\/\/www.bonzini.com\/blog\/wp-content\/uploads\/2019\/07\/ITSF-World-Cup-2019-1-240x300.webp 240w, https:\/\/www.bonzini.com\/blog\/wp-content\/uploads\/2019\/07\/ITSF-World-Cup-2019-1-768x960.webp 768w, https:\/\/www.bonzini.com\/blog\/wp-content\/uploads\/2019\/07\/ITSF-World-Cup-2019-1.webp 787w\" sizes=\"(max-width: 240px) 100vw, 240px\" \/><\/p>\n<p style=\"text-align: left;\">\u2022\u00a0<strong>6 jours<\/strong>\u00a0intenses de comp\u00e9tition<\/p>\n<p style=\"text-align: left;\">\u2022\u00a0<strong>6 cat\u00e9gories<\/strong>\u00a0qui s\u2019affrontent : Masculine, F\u00e9minine, Junior moins de 19 ans,\u00a0Junior moins de 16 ans , Senior et Handi<\/p>\n<p style=\"text-align: left;\">\u2022 Plus de\u00a0<strong>900 joueurs<\/strong>\u00a0repr\u00e9sentant <strong>58 nations<\/strong> \u00e0 travers le monde<\/p>\n<p style=\"text-align: left;\">\u2022 De multiples\u00a0<strong>retransmissions <\/strong>et directs\u00a0<strong>sur Youtube Live <\/strong>de matchs<strong><br \/>\n<\/strong><\/p>\n<p>\u2022 <strong>26 tables Bonzini B90 ITSF<\/strong>, la table de comp\u00e9tition officielle fran\u00e7aise, seront dans l&rsquo;ar\u00e8ne pour les comp\u00e9titeurs.<\/p>\n<p><img decoding=\"async\" loading=\"lazy\" class=\"wp-image-1026 size-thumbnail alignleft\" src=\"https:\/\/blog.bonzini.com\/wp-content\/uploads\/2019\/05\/baby-foot-bonzini-conception-joueuse-0-mixite-egalite-homme-femme-150x150.jpg\" alt=\"\" width=\"150\" height=\"150\" srcset=\"https:\/\/www.bonzini.com\/blog\/wp-content\/uploads\/2019\/05\/baby-foot-bonzini-conception-joueuse-0-mixite-egalite-homme-femme-150x150.webp 150w, https:\/\/www.bonzini.com\/blog\/wp-content\/uploads\/2019\/05\/baby-foot-bonzini-conception-joueuse-0-mixite-egalite-homme-femme-300x300.webp 300w, https:\/\/www.bonzini.com\/blog\/wp-content\/uploads\/2019\/05\/baby-foot-bonzini-conception-joueuse-0-mixite-egalite-homme-femme-100x100.webp 100w, https:\/\/www.bonzini.com\/blog\/wp-content\/uploads\/2019\/05\/baby-foot-bonzini-conception-joueuse-0-mixite-egalite-homme-femme.webp 440w\" sizes=\"(max-width: 150px) 100vw, 150px\" \/><\/p>\n<p><span style=\"color: #ff0000;\"><strong>10 de nos babyfoots auront des \u00e9quipes mixtes !<\/strong><\/span><\/p>\n<p><span style=\"color: #000000;\">Notre nouvelle joueuse fait ses premiers pas officiels en comp\u00e9tition.<\/span><\/p>\n<p><img decoding=\"async\" loading=\"lazy\" class=\"alignnone size-full wp-image-1231\" src=\"https:\/\/blog.bonzini.com\/wp-content\/uploads\/2019\/07\/9_8.jpg\" alt=\"\" width=\"1920\" height=\"503\" srcset=\"https:\/\/www.bonzini.com\/blog\/wp-content\/uploads\/2019\/07\/9_8.webp 1920w, https:\/\/www.bonzini.com\/blog\/wp-content\/uploads\/2019\/07\/9_8-300x79.webp 300w, https:\/\/www.bonzini.com\/blog\/wp-content\/uploads\/2019\/07\/9_8-768x201.webp 768w, https:\/\/www.bonzini.com\/blog\/wp-content\/uploads\/2019\/07\/9_8-1024x268.webp 1024w\" sizes=\"(max-width: 767px) 89vw, (max-width: 1000px) 54vw, (max-width: 1071px) 543px, 580px\" \/><\/p>\n<p style=\"text-align: left;\"><img decoding=\"async\" loading=\"lazy\" class=\"alignright wp-image-1216 size-medium\" src=\"https:\/\/blog.bonzini.com\/wp-content\/uploads\/2019\/07\/capture-FD-2019-07-03-a-01.23.23-185x300.jpg\" alt=\"\" width=\"185\" height=\"300\" \/>La <strong>FEFM<\/strong> &#8211; <strong>Federaci\u00f3n Espa\u00f1ola de Futbol\u00edn<\/strong> (F\u00e9d\u00e9ration Espagnole de Football de Table) &#8211; est heureuse d&rsquo;accueillir cette ann\u00e9e la comp\u00e9tition reine du babyfoot au Palacio de los Deportes, un lieu formidable d\u00e9di\u00e9 au sport et situ\u00e9 \u00e0 quelques pas du centre historique.<\/p>\n<p><strong>\u2022 World Cup 2019\u00a0: PALACIO DE LOS DEPORTES<br \/>\n<\/strong>\u00a0 \u00a07, Av. del Roci\u0301o 30007 Murcia &#8211;\u00a0SPAIN<\/p>\n<p style=\"text-align: left;\"><strong>\u2022 Voir la page du site FEFM<\/strong>\u00a0:\u00a0<a title=\"ITSF\" href=\"https:\/\/www.fefm.es\/p\/mundialfutbolin\" target=\"_blank\" rel=\"noopener\">Cliquez ici<\/a><\/p>\n<p style=\"text-align: left;\"><strong>\u2022 Voir la page du site ITSF<\/strong>\u00a0:\u00a0<a title=\"ITSF\" href=\"https:\/\/www.tablesoccer.org\/page\/watch-world-cup-matches-free\" target=\"_blank\" rel=\"noopener\">Cliquez ici<\/a><\/p>\n<p style=\"text-align: left;\"><strong>\u2022 Voir la brochure<\/strong>\u00a0:\u00a0<a title=\"ITSF\" href=\"https:\/\/l.facebook.com\/l.php?u=https%3A%2F%2Fwww.tablesoccer.org%2Fsites%2Fdefault%2Ffiles%2Fwcup_2019_players_information_basics_v2.pdf&amp;h=AT13rT8PQBEUfMpwvpYgLPAmjyqevcjN-yG65GS8yoFzzZAsFV1v30-5yhQ6AaZK8CzpflfmfYPFugkOLDFP05LzQ4_qbduu6WbmuFWzyqVhDqWM44ujJF13EUCJ5jbVmlHgpAUte41LT0LZu558cJ9g783YXBnxreqhDb_Qqw_UASFp9wyyt4Ib0i-LHwP0BS2dd6kX0kx1Q2lkTxUrhPEtNY8sEbemCG5ppRt5JxKprtxOgAy7uEhC0NENf8F6dfwdmZBBI3Tw08wgSi1bDP9jcAxd_o4eV3Vv6L2Fn3sPs6PlxMfxilAJT2ufWgHzdH45pIMeBsOadnqdj1n9VkeABIvkZNdpulpaXkA5cTUA9i3RxClr8w_DT51ZcDV5tooctCE0ezeyZc0KfvqysUYD_ikJ1B5-6mThFBdNsrh2PR3FjTUHHJ3l5Va1f10KJFdDP5u2uXnT7vI4KySLFZ_Upq4Z3O4h6cFNUJXjsonwNZi66rlxZ0yEXi9ZVHIzJ-ZpbAitAY9h9RCD-oh-Pug9Kh8NM2ixRmU2ZCLh0EPoca8Am3VyQZ5LXr-0jNOjnOnXjdiQSJIzzs211zLbbGEjYkmwxUWUSUbP-QY1F9U7EklrsGo6U5twaE2MMTSPJKxsfIqm9MEapA8Ui1x__-BgcZRFStoney068QAi4TXrAfB_bYcYkiP4ay8Vcxp_lfKGl9lvo-eNZeimy0RXF-Bu_Y85WJaRRlEpT1whO7suP0jMTw3U2D7R2LvQrlMHDXE0MCLqMFkHylUSTbkvcQINaAEFf9og6RYMBdJEVbScww9UKA_5pc2zseYuqNpveTx2KxXEyvJKBJpiAP4djpHtkw9XslpNC7cltIdt6O4LXIU6s8qNkI9mtloL\" target=\"_blank\" rel=\"noopener\">Cliquez ici<\/a><\/p>\n<p style=\"text-align: left;\">\n","protected":false},"excerpt":{"rendered":"<p>Direction l&rsquo;Espagne, \u00e0 Murcia, pour la 10\u00e8me \u00e9dition de la World Cup 2019 de babyfoot !<br \/>\nDu 2 au 7 juillet 2019<\/p>\n","protected":false},"author":1,"featured_media":1213,"comment_status":"closed","ping_status":"open","sticky":false,"template":"","format":"standard","meta":[],"categories":[45],"tags":[],"yoast_head":"<!-- This site is optimized with the Yoast SEO plugin v21.8.1 - https:\/\/yoast.com\/wordpress\/plugins\/seo\/ -->\n<title>La Coupe du Monde de Babyfoot ITSF 2019 en Espagne\u00a0! - Bonzini<\/title>\n<meta name=\"description\" content=\"Direction l&#039;Espagne, \u00e0 Murcia, pour la 10\u00e8me \u00e9dition de la World Cup 2019 de babyfoot !  Du 2 au 7 juillet 2019\" \/>\n<meta name=\"robots\" content=\"index, follow, max-snippet:-1, max-image-preview:large, max-video-preview:-1\" \/>\n<link rel=\"canonical\" href=\"https:\/\/www.bonzini.com\/blog\/en\/2019\/07\/03\/la-coupe-du-monde-de-babyfoot-itsf-2019-en-espagne\/\" \/>\n<meta property=\"og:locale\" content=\"fr_FR\" \/>\n<meta property=\"og:type\" content=\"article\" \/>\n<meta property=\"og:title\" content=\"La Coupe du Monde de Babyfoot ITSF 2019 en Espagne\u00a0! - Bonzini\" \/>\n<meta property=\"og:description\" content=\"Direction l&#039;Espagne, \u00e0 Murcia, pour la 10\u00e8me \u00e9dition de la World Cup 2019 de babyfoot !  Du 2 au 7 juillet 2019\" \/>\n<meta property=\"og:url\" content=\"https:\/\/www.bonzini.com\/blog\/en\/2019\/07\/03\/la-coupe-du-monde-de-babyfoot-itsf-2019-en-espagne\/\" \/>\n<meta property=\"og:site_name\" content=\"Bonzini\" \/>\n<meta property=\"article:published_time\" content=\"2019-07-03T01:00:29+00:00\" \/>\n<meta property=\"article:modified_time\" content=\"2024-01-19T11:03:01+00:00\" \/>\n<meta property=\"og:image\" content=\"https:\/\/www.bonzini.com\/blog\/wp-content\/uploads\/2019\/07\/ITSF-World-Cup-2019-0.jpg\" \/>\n\t<meta property=\"og:image:width\" content=\"440\" \/>\n\t<meta property=\"og:image:height\" content=\"440\" \/>\n\t<meta property=\"og:image:type\" content=\"image\/jpeg\" \/>\n<meta name=\"author\" content=\"bonzini\" \/>\n<meta name=\"twitter:card\" content=\"summary_large_image\" \/>\n<meta name=\"twitter:label1\" content=\"\u00c9crit par\" \/>\n\t<meta name=\"twitter:data1\" content=\"bonzini\" \/>\n\t<meta name=\"twitter:label2\" content=\"Dur\u00e9e de lecture estim\u00e9e\" \/>\n\t<meta name=\"twitter:data2\" content=\"3 minutes\" \/>\n<script type=\"application\/ld+json\" class=\"yoast-schema-graph\">{\"@context\":\"https:\/\/schema.org\",\"@graph\":[{\"@type\":\"WebPage\",\"@id\":\"https:\/\/www.bonzini.com\/blog\/en\/2019\/07\/03\/la-coupe-du-monde-de-babyfoot-itsf-2019-en-espagne\/\",\"url\":\"https:\/\/www.bonzini.com\/blog\/en\/2019\/07\/03\/la-coupe-du-monde-de-babyfoot-itsf-2019-en-espagne\/\",\"name\":\"La Coupe du Monde de Babyfoot ITSF 2019 en Espagne\u00a0! - Bonzini\",\"isPartOf\":{\"@id\":\"https:\/\/www.bonzini.com\/blog\/#website\"},\"datePublished\":\"2019-07-03T01:00:29+00:00\",\"dateModified\":\"2024-01-19T11:03:01+00:00\",\"author\":{\"@id\":\"https:\/\/www.bonzini.com\/blog\/#\/schema\/person\/3a164b3b9e942303746bba343b101522\"},\"description\":\"Direction l'Espagne, \u00e0 Murcia, pour la 10\u00e8me \u00e9dition de la World Cup 2019 de babyfoot ! Du 2 au 7 juillet 2019\",\"breadcrumb\":{\"@id\":\"https:\/\/www.bonzini.com\/blog\/en\/2019\/07\/03\/la-coupe-du-monde-de-babyfoot-itsf-2019-en-espagne\/#breadcrumb\"},\"inLanguage\":\"fr-FR\",\"potentialAction\":[{\"@type\":\"ReadAction\",\"target\":[\"https:\/\/www.bonzini.com\/blog\/en\/2019\/07\/03\/la-coupe-du-monde-de-babyfoot-itsf-2019-en-espagne\/\"]}]},{\"@type\":\"BreadcrumbList\",\"@id\":\"https:\/\/www.bonzini.com\/blog\/en\/2019\/07\/03\/la-coupe-du-monde-de-babyfoot-itsf-2019-en-espagne\/#breadcrumb\",\"itemListElement\":[{\"@type\":\"ListItem\",\"position\":1,\"name\":\"Accueil\",\"item\":\"https:\/\/www.bonzini.com\/blog\/\"},{\"@type\":\"ListItem\",\"position\":2,\"name\":\"La Coupe du Monde de Babyfoot ITSF 2019 en Espagne\u00a0!\"}]},{\"@type\":\"WebSite\",\"@id\":\"https:\/\/www.bonzini.com\/blog\/#website\",\"url\":\"https:\/\/www.bonzini.com\/blog\/\",\"name\":\"Bonzini\",\"description\":\"Bonzini\",\"potentialAction\":[{\"@type\":\"SearchAction\",\"target\":{\"@type\":\"EntryPoint\",\"urlTemplate\":\"https:\/\/www.bonzini.com\/blog\/?s={search_term_string}\"},\"query-input\":\"required name=search_term_string\"}],\"inLanguage\":\"fr-FR\"},{\"@type\":\"Person\",\"@id\":\"https:\/\/www.bonzini.com\/blog\/#\/schema\/person\/3a164b3b9e942303746bba343b101522\",\"name\":\"bonzini\",\"image\":{\"@type\":\"ImageObject\",\"inLanguage\":\"fr-FR\",\"@id\":\"https:\/\/www.bonzini.com\/blog\/#\/schema\/person\/image\/\",\"url\":\"https:\/\/secure.gravatar.com\/avatar\/ff3a4a50bc00cb239a65141fd0bfaf83?s=96&d=mm&r=g\",\"contentUrl\":\"https:\/\/secure.gravatar.com\/avatar\/ff3a4a50bc00cb239a65141fd0bfaf83?s=96&d=mm&r=g\",\"caption\":\"bonzini\"},\"url\":\"https:\/\/www.bonzini.com\/blog\/author\/bonzini\/\"}]}<\/script>\n<!-- \/ Yoast SEO plugin. -->","yoast_head_json":{"title":"La Coupe du Monde de Babyfoot ITSF 2019 en Espagne\u00a0! - Bonzini","description":"Direction l'Espagne, \u00e0 Murcia, pour la 10\u00e8me \u00e9dition de la World Cup 2019 de babyfoot !  Du 2 au 7 juillet 2019","robots":{"index":"index","follow":"follow","max-snippet":"max-snippet:-1","max-image-preview":"max-image-preview:large","max-video-preview":"max-video-preview:-1"},"canonical":"https:\/\/www.bonzini.com\/blog\/en\/2019\/07\/03\/la-coupe-du-monde-de-babyfoot-itsf-2019-en-espagne\/","og_locale":"fr_FR","og_type":"article","og_title":"La Coupe du Monde de Babyfoot ITSF 2019 en Espagne\u00a0! - Bonzini","og_description":"Direction l'Espagne, \u00e0 Murcia, pour la 10\u00e8me \u00e9dition de la World Cup 2019 de babyfoot !  Du 2 au 7 juillet 2019","og_url":"https:\/\/www.bonzini.com\/blog\/en\/2019\/07\/03\/la-coupe-du-monde-de-babyfoot-itsf-2019-en-espagne\/","og_site_name":"Bonzini","article_published_time":"2019-07-03T01:00:29+00:00","article_modified_time":"2024-01-19T11:03:01+00:00","og_image":[{"width":440,"height":440,"url":"https:\/\/www.bonzini.com\/blog\/wp-content\/uploads\/2019\/07\/ITSF-World-Cup-2019-0.jpg","type":"image\/jpeg"}],"author":"bonzini","twitter_card":"summary_large_image","twitter_misc":{"\u00c9crit par":"bonzini","Dur\u00e9e de lecture estim\u00e9e":"3 minutes"},"schema":{"@context":"https:\/\/schema.org","@graph":[{"@type":"WebPage","@id":"https:\/\/www.bonzini.com\/blog\/en\/2019\/07\/03\/la-coupe-du-monde-de-babyfoot-itsf-2019-en-espagne\/","url":"https:\/\/www.bonzini.com\/blog\/en\/2019\/07\/03\/la-coupe-du-monde-de-babyfoot-itsf-2019-en-espagne\/","name":"La Coupe du Monde de Babyfoot ITSF 2019 en Espagne\u00a0! - Bonzini","isPartOf":{"@id":"https:\/\/www.bonzini.com\/blog\/#website"},"datePublished":"2019-07-03T01:00:29+00:00","dateModified":"2024-01-19T11:03:01+00:00","author":{"@id":"https:\/\/www.bonzini.com\/blog\/#\/schema\/person\/3a164b3b9e942303746bba343b101522"},"description":"Direction l'Espagne, \u00e0 Murcia, pour la 10\u00e8me \u00e9dition de la World Cup 2019 de babyfoot ! Du 2 au 7 juillet 2019","breadcrumb":{"@id":"https:\/\/www.bonzini.com\/blog\/en\/2019\/07\/03\/la-coupe-du-monde-de-babyfoot-itsf-2019-en-espagne\/#breadcrumb"},"inLanguage":"fr-FR","potentialAction":[{"@type":"ReadAction","target":["https:\/\/www.bonzini.com\/blog\/en\/2019\/07\/03\/la-coupe-du-monde-de-babyfoot-itsf-2019-en-espagne\/"]}]},{"@type":"BreadcrumbList","@id":"https:\/\/www.bonzini.com\/blog\/en\/2019\/07\/03\/la-coupe-du-monde-de-babyfoot-itsf-2019-en-espagne\/#breadcrumb","itemListElement":[{"@type":"ListItem","position":1,"name":"Accueil","item":"https:\/\/www.bonzini.com\/blog\/"},{"@type":"ListItem","position":2,"name":"La Coupe du Monde de Babyfoot ITSF 2019 en Espagne\u00a0!"}]},{"@type":"WebSite","@id":"https:\/\/www.bonzini.com\/blog\/#website","url":"https:\/\/www.bonzini.com\/blog\/","name":"Bonzini","description":"Bonzini","potentialAction":[{"@type":"SearchAction","target":{"@type":"EntryPoint","urlTemplate":"https:\/\/www.bonzini.com\/blog\/?s={search_term_string}"},"query-input":"required name=search_term_string"}],"inLanguage":"fr-FR"},{"@type":"Person","@id":"https:\/\/www.bonzini.com\/blog\/#\/schema\/person\/3a164b3b9e942303746bba343b101522","name":"bonzini","image":{"@type":"ImageObject","inLanguage":"fr-FR","@id":"https:\/\/www.bonzini.com\/blog\/#\/schema\/person\/image\/","url":"https:\/\/secure.gravatar.com\/avatar\/ff3a4a50bc00cb239a65141fd0bfaf83?s=96&d=mm&r=g","contentUrl":"https:\/\/secure.gravatar.com\/avatar\/ff3a4a50bc00cb239a65141fd0bfaf83?s=96&d=mm&r=g","caption":"bonzini"},"url":"https:\/\/www.bonzini.com\/blog\/author\/bonzini\/"}]}},"_links":{"self":[{"href":"https:\/\/www.bonzini.com\/blog\/wp-json\/wp\/v2\/posts\/1337"}],"collection":[{"href":"https:\/\/www.bonzini.com\/blog\/wp-json\/wp\/v2\/posts"}],"about":[{"href":"https:\/\/www.bonzini.com\/blog\/wp-json\/wp\/v2\/types\/post"}],"author":[{"embeddable":true,"href":"https:\/\/www.bonzini.com\/blog\/wp-json\/wp\/v2\/users\/1"}],"replies":[{"embeddable":true,"href":"https:\/\/www.bonzini.com\/blog\/wp-json\/wp\/v2\/comments?post=1337"}],"version-history":[{"count":2,"href":"https:\/\/www.bonzini.com\/blog\/wp-json\/wp\/v2\/posts\/1337\/revisions"}],"predecessor-version":[{"id":1794,"href":"https:\/\/www.bonzini.com\/blog\/wp-json\/wp\/v2\/posts\/1337\/revisions\/1794"}],"wp:featuredmedia":[{"embeddable":true,"href":"https:\/\/www.bonzini.com\/blog\/wp-json\/wp\/v2\/media\/1213"}],"wp:attachment":[{"href":"https:\/\/www.bonzini.com\/blog\/wp-json\/wp\/v2\/media?parent=1337"}],"wp:term":[{"taxonomy":"category","embeddable":true,"href":"https:\/\/www.bonzini.com\/blog\/wp-json\/wp\/v2\/categories?post=1337"},{"taxonomy":"post_tag","embeddable":true,"href":"https:\/\/www.bonzini.com\/blog\/wp-json\/wp\/v2\/tags?post=1337"}],"curies":[{"name":"wp","href":"https:\/\/api.w.org\/{rel}","templated":true}]}}