{"id":1145,"date":"2016-06-01T16:00:13","date_gmt":"2016-06-01T14:00:13","guid":{"rendered":"https:\/\/blog.bonzini.com\/?p=1145"},"modified":"2024-01-19T15:57:21","modified_gmt":"2024-01-19T14:57:21","slug":"bonzini-en-el-corazon-del-patrimonio-frances","status":"publish","type":"post","link":"https:\/\/www.bonzini.com\/blog\/es\/2016\/06\/01\/bonzini-en-el-corazon-del-patrimonio-frances\/","title":{"rendered":"Bonzini en el coraz\u00f3n del patrimonio franc\u00e9s"},"content":{"rendered":"<p><img decoding=\"async\" loading=\"lazy\" class=\"alignleft wp-image-31\" src=\"https:\/\/blog.bonzini.ovh\/wp-content\/uploads\/2018\/04\/bonzini-patrimoine-212x300.jpg\" alt=\"\" width=\"110\" height=\"156\" srcset=\"https:\/\/www.bonzini.com\/blog\/wp-content\/uploads\/2018\/04\/bonzini-patrimoine-212x300.webp 212w, https:\/\/www.bonzini.com\/blog\/wp-content\/uploads\/2018\/04\/bonzini-patrimoine.webp 565w\" sizes=\"(max-width: 110px) 100vw, 110px\" \/><strong>Encuentre durante los 2 pr\u00f3ximos meses 22 futbolines Bonzini para partidas in\u00e9ditas en el coraz\u00f3n del patrimonio franc\u00e9s en 14 decorados ins\u00f3litos cargados de historia.<\/strong><\/p>\n<p><span style=\"font-size: 1rem;\">Estos 14 Monumentos abrir\u00e1n sus puertas a partir del 1 de junio bajo el signo de la operaci\u00f3n \u00ab\u00a0<\/span><strong style=\"font-size: 1rem;\">MARQUE PARA EL PATRIMONIO<\/strong><span style=\"font-size: 1rem;\">\u00bb.<\/span><\/p>\n<p><img decoding=\"async\" loading=\"lazy\" class=\"size-full wp-image-189 alignright\" src=\"https:\/\/blog.bonzini.ovh\/wp-content\/uploads\/2016\/06\/photo-fred-dumur-CM-0738.jpg\" alt=\"\" width=\"250\" height=\"163\" \/><\/p>\n<p>Se invitar\u00e1 a cada visitante a descubrir los Monumentos \u00abde otra forma\u00bb por medio del juego y podr\u00e1 participar en la restauraci\u00f3n del patrimonio franc\u00e9s viviendo \u00ab\u00a0<strong>la experiencia futbol\u00edn<\/strong>\u00a0\u00bb en el coraz\u00f3n de este patrimonio.<\/p>\n<p><strong style=\"font-size: 1rem;\"><img decoding=\"async\" loading=\"lazy\" class=\"alignleft wp-image-187 size-full\" src=\"https:\/\/blog.bonzini.ovh\/wp-content\/uploads\/2016\/06\/photo-fred-dumur-CM-0620.jpg\" alt=\"\" width=\"133\" height=\"200\" \/><\/strong><\/p>\n<p><strong>Jugando futbol\u00edn, usted participa activamente en la preservaci\u00f3n de los m\u00e1s hermosos monumentos de Francia. <\/strong><\/p>\n<p>Historia alrededor de la operaci\u00f3n:<\/p>\n<p><strong>Bonzini ha incursionado desde varios a\u00f1os en la escena cultural<\/strong>\u00a0estando presente dentro del marco de diferentes exposiciones y por sus colaboraciones con instituciones museales. Bonzini as\u00ed se ha inscrito en el transcurso de los a\u00f1os \u2013 y de las generaciones \u2013 como<strong> parte del \u00abpatrimonio colectivo\u00bb de los franceses<\/strong>.<\/p>\n<p><img decoding=\"async\" loading=\"lazy\" class=\"size-full wp-image-188 alignright\" src=\"https:\/\/blog.bonzini.ovh\/wp-content\/uploads\/2016\/06\/photo-fred-dumur-CM-0632.jpg\" alt=\"\" width=\"250\" height=\"167\" \/>Dentro del marco de la acogida por parte de Francia del <strong>EURO 2016<\/strong> del 10 de junio al 10 de julio,\u00a0<strong>el Centro de Monumentos Nacionales<\/strong>\u00a0dese\u00f3 proponer\u00a0<strong> animaciones culturales uniendo de forma original deporte y patrimonio.<\/strong>.<br \/>\nPara Bonzini, casa familiar francesa, la invitaci\u00f3n del CMN a\u00a0<strong>asociarse alrededor de una operaci\u00f3n com\u00fan<\/strong>\u00a0y a estar <strong>en el coraz\u00f3n del patrimonio franc\u00e9s de inmediato tuvo sentido.<\/strong>.<\/p>\n<p>Usted tambi\u00e9n puede descubrir a trav\u00e9s de Francia\u00a0<strong>20 futbolines expresados con una identidad propia a la operaci\u00f3n<\/strong> y <strong>2 creaciones especiales<\/strong>\u00a0en dos notables Villas \u2013 un B90 con acabados design y modernista para la <strong>Villa Savoye<\/strong>\u00a0y un modelo 3 M\u00e8tres \u00abcamale\u00f3n\u00bb con los colores de la fachada de la <strong>Villa Cavrois<\/strong>.<\/p>\n<p>A trav\u00e9s de esta operaci\u00f3n in\u00e9dita y at\u00edpica \u00ab<strong>Marque para el patrimonio: Futbolines en los Monumentos<\/strong>\u00bb,\u00a0<strong>Bonzini y el CMN ocuparon la escena deportiva y cultural francesa alrededor de un evento mayor del 2016<\/strong> y comunicaban alrededor de los valores intr\u00ednsecos de las dos instituciones..<\/p>\n<p><strong>El CMN:<\/strong>\u00a0establecimiento p\u00fablico encargado de la conservaci\u00f3n, la restauraci\u00f3n y la presentaci\u00f3n al p\u00fablico de un centenar de monumentos hist\u00f3ricos, de sitios y de sus colecciones, cada a\u00f1o recibe m\u00e1s de <strong>9 millones de visitantes<\/strong> en toda su red.<\/p>\n<p><strong><a href=\"http:\/\/www.bonzini.com\/images\/\/stories\/actualites\/thumb\/photo-fred-dumur-cm-cavrois-zoom.jpg\"><img decoding=\"async\" loading=\"lazy\" src=\"http:\/\/www.bonzini.com\/images\/\/stories\/actualites\/thumb\/photo-fred-dumur-cm-cavrois.jpg\" width=\"574\" height=\"230\" \/><\/a><\/strong><\/p>\n<p>Veamos los Monumentos en los que usted podr\u00e1 jugar \u00ab\u00a0Marque para el patrimonio\u00a0\u00bb del 1 de junio al 31 de julio de 2016:<br \/>\n\u2014 Aquitania: <strong>Castillo de Cadillac<\/strong> (33410 Cadillac-en-Garonne)<br \/>\n\u2014 Borgo\u00f1a: <strong>Abad\u00eda de Cluny<\/strong> (71250 Cluny)<br \/>\n\u2014 Centro: <strong>Castillo de Azay-le-Rideau<\/strong> (37190 Azay-le-Rideau)<br \/>\n\u2014 Champa\u00f1a-Ardenas: <strong>Castillo La Motte-Tilly<\/strong> (10400 La Motte-Tilly) y <strong>Palacio de Tau<\/strong> (51100 Reims)<br \/>\n\u2014 Regi\u00f3n Parisina: <strong>Castillo de Vincennes<\/strong> (94300 Vincennes) y <strong>Villa Savoye<\/strong> (78300 Poissy)<br \/>\n\u2014 Languedoc-Rosell\u00f3n: <strong>Castillo y murallas de la Ciudad de Carcasona<\/strong> (11000 Carcassonne)<br \/>\ny <strong>Fortaleza de Salses<\/strong> (66600 Salses-le-Ch\u00e2teau)<br \/>\n\u2014 Alta Francia: <strong>Castillo de Pierrefonds<\/strong> (60350 Pierrefonds) y <strong>Villa Cavrois<\/strong> (59170 Croix)<br \/>\n\u2014 Regi\u00f3n de Pa\u00edses del Loira: <strong>Castillo de Angers<\/strong> (49100 Angers)<br \/>\n\u2014 Provenza-Alpes-Costa Azul: <strong>Castillo de If<\/strong> (13001 Marsella) y <strong>Trofeo de Augusto<\/strong> (06320 La Turbie)<\/p>\n<p><strong>Para m\u00e1s informaciones:<\/strong>\u00a0<a title=\"CMN\" href=\"https:\/\/www.monuments-nationaux.fr\/\" target=\"_blank\" rel=\"noopener\">www.monuments-nationaux.fr<\/a><\/p>\n","protected":false},"excerpt":{"rendered":"<p>Bonzini en el coraz\u00f3n del patrimonio franc\u00e9s en 14 Monumentos Nacionales, del 1 de junio al 31 de julio de 2016<\/p>\n","protected":false},"author":1,"featured_media":129,"comment_status":"open","ping_status":"open","sticky":false,"template":"","format":"standard","meta":[],"categories":[71],"tags":[],"yoast_head":"<!-- This site is optimized with the Yoast SEO plugin v21.8.1 - https:\/\/yoast.com\/wordpress\/plugins\/seo\/ -->\n<title>Bonzini en el coraz\u00f3n del patrimonio franc\u00e9s - Bonzini<\/title>\n<meta name=\"description\" content=\"Bonzini en el coraz\u00f3n del patrimonio franc\u00e9s en 14 Monumentos Nacionales, del 1 de junio al 31 de julio de 2016\" \/>\n<meta name=\"robots\" content=\"index, follow, max-snippet:-1, max-image-preview:large, max-video-preview:-1\" \/>\n<link rel=\"canonical\" href=\"https:\/\/www.bonzini.com\/blog\/es\/2016\/06\/01\/bonzini-en-el-corazon-del-patrimonio-frances\/\" \/>\n<meta property=\"og:locale\" content=\"fr_FR\" \/>\n<meta property=\"og:type\" content=\"article\" \/>\n<meta property=\"og:title\" content=\"Bonzini en el coraz\u00f3n del patrimonio franc\u00e9s - Bonzini\" \/>\n<meta property=\"og:description\" content=\"Bonzini en el coraz\u00f3n del patrimonio franc\u00e9s en 14 Monumentos Nacionales, del 1 de junio al 31 de julio de 2016\" \/>\n<meta property=\"og:url\" content=\"https:\/\/www.bonzini.com\/blog\/es\/2016\/06\/01\/bonzini-en-el-corazon-del-patrimonio-frances\/\" \/>\n<meta property=\"og:site_name\" content=\"Bonzini\" \/>\n<meta property=\"article:published_time\" content=\"2016-06-01T14:00:13+00:00\" \/>\n<meta property=\"article:modified_time\" content=\"2024-01-19T14:57:21+00:00\" \/>\n<meta property=\"og:image\" content=\"https:\/\/www.bonzini.com\/blog\/wp-content\/uploads\/2018\/07\/miseenavant.png\" \/>\n\t<meta property=\"og:image:width\" content=\"220\" \/>\n\t<meta property=\"og:image:height\" content=\"220\" \/>\n\t<meta property=\"og:image:type\" content=\"image\/png\" \/>\n<meta name=\"author\" content=\"bonzini\" \/>\n<meta name=\"twitter:card\" content=\"summary_large_image\" \/>\n<meta name=\"twitter:label1\" content=\"\u00c9crit par\" \/>\n\t<meta name=\"twitter:data1\" content=\"bonzini\" \/>\n\t<meta name=\"twitter:label2\" content=\"Dur\u00e9e de lecture estim\u00e9e\" \/>\n\t<meta name=\"twitter:data2\" content=\"4 minutes\" \/>\n<script type=\"application\/ld+json\" class=\"yoast-schema-graph\">{\"@context\":\"https:\/\/schema.org\",\"@graph\":[{\"@type\":\"WebPage\",\"@id\":\"https:\/\/www.bonzini.com\/blog\/es\/2016\/06\/01\/bonzini-en-el-corazon-del-patrimonio-frances\/\",\"url\":\"https:\/\/www.bonzini.com\/blog\/es\/2016\/06\/01\/bonzini-en-el-corazon-del-patrimonio-frances\/\",\"name\":\"Bonzini en el coraz\u00f3n del patrimonio franc\u00e9s - Bonzini\",\"isPartOf\":{\"@id\":\"https:\/\/www.bonzini.com\/blog\/#website\"},\"datePublished\":\"2016-06-01T14:00:13+00:00\",\"dateModified\":\"2024-01-19T14:57:21+00:00\",\"author\":{\"@id\":\"https:\/\/www.bonzini.com\/blog\/#\/schema\/person\/3a164b3b9e942303746bba343b101522\"},\"description\":\"Bonzini en el coraz\u00f3n del patrimonio franc\u00e9s en 14 Monumentos Nacionales, del 1 de junio al 31 de julio de 2016\",\"breadcrumb\":{\"@id\":\"https:\/\/www.bonzini.com\/blog\/es\/2016\/06\/01\/bonzini-en-el-corazon-del-patrimonio-frances\/#breadcrumb\"},\"inLanguage\":\"fr-FR\",\"potentialAction\":[{\"@type\":\"ReadAction\",\"target\":[\"https:\/\/www.bonzini.com\/blog\/es\/2016\/06\/01\/bonzini-en-el-corazon-del-patrimonio-frances\/\"]}]},{\"@type\":\"BreadcrumbList\",\"@id\":\"https:\/\/www.bonzini.com\/blog\/es\/2016\/06\/01\/bonzini-en-el-corazon-del-patrimonio-frances\/#breadcrumb\",\"itemListElement\":[{\"@type\":\"ListItem\",\"position\":1,\"name\":\"Accueil\",\"item\":\"https:\/\/www.bonzini.com\/blog\/\"},{\"@type\":\"ListItem\",\"position\":2,\"name\":\"Bonzini en el coraz\u00f3n del patrimonio franc\u00e9s\"}]},{\"@type\":\"WebSite\",\"@id\":\"https:\/\/www.bonzini.com\/blog\/#website\",\"url\":\"https:\/\/www.bonzini.com\/blog\/\",\"name\":\"Bonzini\",\"description\":\"Bonzini\",\"potentialAction\":[{\"@type\":\"SearchAction\",\"target\":{\"@type\":\"EntryPoint\",\"urlTemplate\":\"https:\/\/www.bonzini.com\/blog\/?s={search_term_string}\"},\"query-input\":\"required name=search_term_string\"}],\"inLanguage\":\"fr-FR\"},{\"@type\":\"Person\",\"@id\":\"https:\/\/www.bonzini.com\/blog\/#\/schema\/person\/3a164b3b9e942303746bba343b101522\",\"name\":\"bonzini\",\"image\":{\"@type\":\"ImageObject\",\"inLanguage\":\"fr-FR\",\"@id\":\"https:\/\/www.bonzini.com\/blog\/#\/schema\/person\/image\/\",\"url\":\"https:\/\/secure.gravatar.com\/avatar\/ff3a4a50bc00cb239a65141fd0bfaf83?s=96&d=mm&r=g\",\"contentUrl\":\"https:\/\/secure.gravatar.com\/avatar\/ff3a4a50bc00cb239a65141fd0bfaf83?s=96&d=mm&r=g\",\"caption\":\"bonzini\"},\"url\":\"https:\/\/www.bonzini.com\/blog\/author\/bonzini\/\"}]}<\/script>\n<!-- \/ Yoast SEO plugin. -->","yoast_head_json":{"title":"Bonzini en el coraz\u00f3n del patrimonio franc\u00e9s - Bonzini","description":"Bonzini en el coraz\u00f3n del patrimonio franc\u00e9s en 14 Monumentos Nacionales, del 1 de junio al 31 de julio de 2016","robots":{"index":"index","follow":"follow","max-snippet":"max-snippet:-1","max-image-preview":"max-image-preview:large","max-video-preview":"max-video-preview:-1"},"canonical":"https:\/\/www.bonzini.com\/blog\/es\/2016\/06\/01\/bonzini-en-el-corazon-del-patrimonio-frances\/","og_locale":"fr_FR","og_type":"article","og_title":"Bonzini en el coraz\u00f3n del patrimonio franc\u00e9s - Bonzini","og_description":"Bonzini en el coraz\u00f3n del patrimonio franc\u00e9s en 14 Monumentos Nacionales, del 1 de junio al 31 de julio de 2016","og_url":"https:\/\/www.bonzini.com\/blog\/es\/2016\/06\/01\/bonzini-en-el-corazon-del-patrimonio-frances\/","og_site_name":"Bonzini","article_published_time":"2016-06-01T14:00:13+00:00","article_modified_time":"2024-01-19T14:57:21+00:00","og_image":[{"width":220,"height":220,"url":"https:\/\/www.bonzini.com\/blog\/wp-content\/uploads\/2018\/07\/miseenavant.png","type":"image\/png"}],"author":"bonzini","twitter_card":"summary_large_image","twitter_misc":{"\u00c9crit par":"bonzini","Dur\u00e9e de lecture estim\u00e9e":"4 minutes"},"schema":{"@context":"https:\/\/schema.org","@graph":[{"@type":"WebPage","@id":"https:\/\/www.bonzini.com\/blog\/es\/2016\/06\/01\/bonzini-en-el-corazon-del-patrimonio-frances\/","url":"https:\/\/www.bonzini.com\/blog\/es\/2016\/06\/01\/bonzini-en-el-corazon-del-patrimonio-frances\/","name":"Bonzini en el coraz\u00f3n del patrimonio franc\u00e9s - Bonzini","isPartOf":{"@id":"https:\/\/www.bonzini.com\/blog\/#website"},"datePublished":"2016-06-01T14:00:13+00:00","dateModified":"2024-01-19T14:57:21+00:00","author":{"@id":"https:\/\/www.bonzini.com\/blog\/#\/schema\/person\/3a164b3b9e942303746bba343b101522"},"description":"Bonzini en el coraz\u00f3n del patrimonio franc\u00e9s en 14 Monumentos Nacionales, del 1 de junio al 31 de julio de 2016","breadcrumb":{"@id":"https:\/\/www.bonzini.com\/blog\/es\/2016\/06\/01\/bonzini-en-el-corazon-del-patrimonio-frances\/#breadcrumb"},"inLanguage":"fr-FR","potentialAction":[{"@type":"ReadAction","target":["https:\/\/www.bonzini.com\/blog\/es\/2016\/06\/01\/bonzini-en-el-corazon-del-patrimonio-frances\/"]}]},{"@type":"BreadcrumbList","@id":"https:\/\/www.bonzini.com\/blog\/es\/2016\/06\/01\/bonzini-en-el-corazon-del-patrimonio-frances\/#breadcrumb","itemListElement":[{"@type":"ListItem","position":1,"name":"Accueil","item":"https:\/\/www.bonzini.com\/blog\/"},{"@type":"ListItem","position":2,"name":"Bonzini en el coraz\u00f3n del patrimonio franc\u00e9s"}]},{"@type":"WebSite","@id":"https:\/\/www.bonzini.com\/blog\/#website","url":"https:\/\/www.bonzini.com\/blog\/","name":"Bonzini","description":"Bonzini","potentialAction":[{"@type":"SearchAction","target":{"@type":"EntryPoint","urlTemplate":"https:\/\/www.bonzini.com\/blog\/?s={search_term_string}"},"query-input":"required name=search_term_string"}],"inLanguage":"fr-FR"},{"@type":"Person","@id":"https:\/\/www.bonzini.com\/blog\/#\/schema\/person\/3a164b3b9e942303746bba343b101522","name":"bonzini","image":{"@type":"ImageObject","inLanguage":"fr-FR","@id":"https:\/\/www.bonzini.com\/blog\/#\/schema\/person\/image\/","url":"https:\/\/secure.gravatar.com\/avatar\/ff3a4a50bc00cb239a65141fd0bfaf83?s=96&d=mm&r=g","contentUrl":"https:\/\/secure.gravatar.com\/avatar\/ff3a4a50bc00cb239a65141fd0bfaf83?s=96&d=mm&r=g","caption":"bonzini"},"url":"https:\/\/www.bonzini.com\/blog\/author\/bonzini\/"}]}},"_links":{"self":[{"href":"https:\/\/www.bonzini.com\/blog\/wp-json\/wp\/v2\/posts\/1145"}],"collection":[{"href":"https:\/\/www.bonzini.com\/blog\/wp-json\/wp\/v2\/posts"}],"about":[{"href":"https:\/\/www.bonzini.com\/blog\/wp-json\/wp\/v2\/types\/post"}],"author":[{"embeddable":true,"href":"https:\/\/www.bonzini.com\/blog\/wp-json\/wp\/v2\/users\/1"}],"replies":[{"embeddable":true,"href":"https:\/\/www.bonzini.com\/blog\/wp-json\/wp\/v2\/comments?post=1145"}],"version-history":[{"count":4,"href":"https:\/\/www.bonzini.com\/blog\/wp-json\/wp\/v2\/posts\/1145\/revisions"}],"predecessor-version":[{"id":1828,"href":"https:\/\/www.bonzini.com\/blog\/wp-json\/wp\/v2\/posts\/1145\/revisions\/1828"}],"wp:featuredmedia":[{"embeddable":true,"href":"https:\/\/www.bonzini.com\/blog\/wp-json\/wp\/v2\/media\/129"}],"wp:attachment":[{"href":"https:\/\/www.bonzini.com\/blog\/wp-json\/wp\/v2\/media?parent=1145"}],"wp:term":[{"taxonomy":"category","embeddable":true,"href":"https:\/\/www.bonzini.com\/blog\/wp-json\/wp\/v2\/categories?post=1145"},{"taxonomy":"post_tag","embeddable":true,"href":"https:\/\/www.bonzini.com\/blog\/wp-json\/wp\/v2\/tags?post=1145"}],"curies":[{"name":"wp","href":"https:\/\/api.w.org\/{rel}","templated":true}]}}